{"id":2945,"date":"2026-04-29T06:28:28","date_gmt":"2026-04-29T09:28:28","guid":{"rendered":"https:\/\/vagas.portalemprego.com.br\/?p=2945"},"modified":"2026-04-29T06:28:28","modified_gmt":"2026-04-29T09:28:28","slug":"assistente-administrativoa-vaga-afirmativa-tambem-para-o-publico-pcd-administracao-miguel-pereira","status":"publish","type":"post","link":"https:\/\/vagas.portalemprego.com.br\/?p=2945","title":{"rendered":"Assistente Administrativo(a) &#8211; Vaga afirmativa tamb\u00e9m para o p\u00fablico PCD &#8211; Administra\u00e7\u00e3o &#8211; Miguel Pereira"},"content":{"rendered":"<p>Esta vaga tamb\u00e9m \u00e9 destinada a Pessoas com Defici\u00eancia (PCD). Valorizamos a diversidade e incentivamos a candidatura de profissionais de todos os perfis. Apoio administrativo geral e organiza\u00e7\u00e3o de documentos; Controle de estoque e compras de materiais de escrit\u00f3rio (papelaria, copa, insumos); Recebimento e confer\u00eancia de mercadorias; Emiss\u00e3o e controle de Notas Fiscais; Controle de contas a receber; Elabora\u00e7\u00e3o de planilhas e relat\u00f3rios gerenciais; Emiss\u00e3o de cartas e controle de correspond\u00eancias; Apoio na emiss\u00e3o de passagens quando necess\u00e1rio; Atendimento interno e suporte \u00e0s \u00e1reas; No ManpowerGroup, a sua carreira tem um novo rumo! Se voc\u00ea est\u00e1 em busca de crescimento, desafios e um ambiente que valoriza o seu potencial, venha fazer parte do nosso time. Aqui, cada talento \u00e9 reconhecido e valorizado. Candidate-se agora e transforme seu futuro com a gente !<br \/>\nRequisitos e qualifica\u00e7\u00f5es<br \/>\nExperi\u00eancia pr\u00e9via com rotinas administrativas completas Dom\u00ednio pacote office: Excel b\u00e1sico, Outlook, Word, Adobe. Diferenciais Viv\u00eancia com emiss\u00e3o de NF Perfil com atua\u00e7\u00e3o pr\u00f3xima \u00e0 gest\u00e3o #AssistenteAdministrativo #Administra\u00e7\u00e3o #VagasManpower #ManpowerGroup<\/p>\n<ul>\n<li>Local de trabalho: Miguel Pereira, RJ<\/li>\n<li>Regime de contrata\u00e7\u00e3o de tipo: Efetivo \u2013 CLT<\/li>\n<li>Jornada: Per\u00edodo Integral<\/li>\n<li>\u00c1rea e especializa\u00e7\u00e3o profissional: Administra\u00e7\u00e3o &#8211; Administra\u00e7\u00e3o Geral<\/li>\n<li>N\u00edvel hier\u00e1rquico: Assistente<\/li>\n<\/ul>\n<p>Escolaridade M\u00ednima: Ensino M\u00e9dio (2\u00ba Grau)<\/p>\n<ul>\n<li>Vale Refei\u00e7\u00e3o: R$ 48,50\/dia; Vale Transporte; Plano de Sa\u00fade (ap\u00f3s 3 meses);<\/li>\n<\/ul>\n","protected":false},"excerpt":{"rendered":"<p>Esta vaga tamb\u00e9m \u00e9 destinada a Pessoas com Defici\u00eancia (PCD). Valorizamos a diversidade e incentivamos a candidatura de profissionais de todos os perfis. Apoio administrativo geral e organiza\u00e7\u00e3o de documentos; Controle de estoque e compras de materiais de escrit\u00f3rio (papelaria, copa, insumos); Recebimento e confer\u00eancia de mercadorias; Emiss\u00e3o e controle de Notas Fiscais; Controle de [&hellip;]<\/p>\n","protected":false},"author":1,"featured_media":0,"comment_status":"open","ping_status":"open","sticky":false,"template":"","format":"standard","meta":{"footnotes":""},"categories":[21],"tags":[],"class_list":["post-2945","post","type-post","status-publish","format-standard","hentry","category-rio-de-janeiro-rj"],"_links":{"self":[{"href":"https:\/\/vagas.portalemprego.com.br\/index.php?rest_route=\/wp\/v2\/posts\/2945","targetHints":{"allow":["GET"]}}],"collection":[{"href":"https:\/\/vagas.portalemprego.com.br\/index.php?rest_route=\/wp\/v2\/posts"}],"about":[{"href":"https:\/\/vagas.portalemprego.com.br\/index.php?rest_route=\/wp\/v2\/types\/post"}],"author":[{"embeddable":true,"href":"https:\/\/vagas.portalemprego.com.br\/index.php?rest_route=\/wp\/v2\/users\/1"}],"replies":[{"embeddable":true,"href":"https:\/\/vagas.portalemprego.com.br\/index.php?rest_route=%2Fwp%2Fv2%2Fcomments&post=2945"}],"version-history":[{"count":0,"href":"https:\/\/vagas.portalemprego.com.br\/index.php?rest_route=\/wp\/v2\/posts\/2945\/revisions"}],"wp:attachment":[{"href":"https:\/\/vagas.portalemprego.com.br\/index.php?rest_route=%2Fwp%2Fv2%2Fmedia&parent=2945"}],"wp:term":[{"taxonomy":"category","embeddable":true,"href":"https:\/\/vagas.portalemprego.com.br\/index.php?rest_route=%2Fwp%2Fv2%2Fcategories&post=2945"},{"taxonomy":"post_tag","embeddable":true,"href":"https:\/\/vagas.portalemprego.com.br\/index.php?rest_route=%2Fwp%2Fv2%2Ftags&post=2945"}],"curies":[{"name":"wp","href":"https:\/\/api.w.org\/{rel}","templated":true}]}}