{"id":2946,"date":"2026-04-29T06:28:28","date_gmt":"2026-04-29T09:28:28","guid":{"rendered":"https:\/\/vagas.portalemprego.com.br\/?p=2946"},"modified":"2026-04-29T06:28:28","modified_gmt":"2026-04-29T09:28:28","slug":"vendedor-comercial-vendas-rio-de-janeiro-6","status":"publish","type":"post","link":"https:\/\/vagas.portalemprego.com.br\/?p=2946","title":{"rendered":"Vendedor &#8211; Comercial, Vendas &#8211; Rio de Janeiro"},"content":{"rendered":"<p>ATIVIDADES:<br \/>\n&#8211; Atuar na prospec\u00e7\u00e3o de novos clientes, com foco no mercado de refrigera\u00e7\u00e3o (ar-condicionado, sistemas de climatiza\u00e7\u00e3o, eletros, etc.);<br \/>\n&#8211; Atendimento a clientes por telefone, e-mail e presencial;<br \/>\n&#8211; Manter e fortalecer o relacionamento com a carteira de clientes existente, oferecendo suporte t\u00e9cnico e comercial;<br \/>\n&#8211; Realizar o acompanhamento das vendas, desde a elabora\u00e7\u00e3o de or\u00e7amentos at\u00e9 o fechamento e entrega do produto;<br \/>\n&#8211; Acompanhar as tend\u00eancias de mercado e inova\u00e7\u00f5es tecnol\u00f3gicas no setor;<br \/>\n&#8211; Alcan\u00e7ar e superar metas de vendas mensais.<\/p>\n<p>REQUISITOS:<br \/>\nEnsino M\u00e9dio<br \/>\nExperi\u00eancia em vendas de refrigera\u00e7\u00e3o ser\u00e1 um diferencial<br \/>\nComunica\u00e7\u00e3o e organiza\u00e7\u00e3o.<\/p>\n<p>Hor\u00e1rio: 08:00h \u00e0s 18:00h\u00a0de\u00a0Segunda \u00e0 Sexta- Feira<\/p>\n<ul>\n<li>Local de trabalho: Rio de Janeiro, RJ<\/li>\n<li>Regime de contrata\u00e7\u00e3o de tipo: Efetivo \u2013 CLT<\/li>\n<li>Jornada: Per\u00edodo Integral<\/li>\n<li>\u00c1rea e especializa\u00e7\u00e3o profissional: Comercial, Vendas &#8211; Atendimento<\/li>\n<li>N\u00edvel hier\u00e1rquico: Operacional<\/li>\n<\/ul>\n<p>VALORIZADO<\/p>\n<p>Tempo de experi\u00eancia: Entre 1 e 3 anos<\/p>\n<p>Escolaridade M\u00ednima: Ensino M\u00e9dio (2\u00ba Grau)<\/p>\n","protected":false},"excerpt":{"rendered":"<p>ATIVIDADES: &#8211; Atuar na prospec\u00e7\u00e3o de novos clientes, com foco no mercado de refrigera\u00e7\u00e3o (ar-condicionado, sistemas de climatiza\u00e7\u00e3o, eletros, etc.); &#8211; Atendimento a clientes por telefone, e-mail e presencial; &#8211; Manter e fortalecer o relacionamento com a carteira de clientes existente, oferecendo suporte t\u00e9cnico e comercial; &#8211; Realizar o acompanhamento das vendas, desde a elabora\u00e7\u00e3o [&hellip;]<\/p>\n","protected":false},"author":1,"featured_media":0,"comment_status":"open","ping_status":"open","sticky":false,"template":"","format":"standard","meta":{"footnotes":""},"categories":[21],"tags":[],"class_list":["post-2946","post","type-post","status-publish","format-standard","hentry","category-rio-de-janeiro-rj"],"_links":{"self":[{"href":"https:\/\/vagas.portalemprego.com.br\/index.php?rest_route=\/wp\/v2\/posts\/2946","targetHints":{"allow":["GET"]}}],"collection":[{"href":"https:\/\/vagas.portalemprego.com.br\/index.php?rest_route=\/wp\/v2\/posts"}],"about":[{"href":"https:\/\/vagas.portalemprego.com.br\/index.php?rest_route=\/wp\/v2\/types\/post"}],"author":[{"embeddable":true,"href":"https:\/\/vagas.portalemprego.com.br\/index.php?rest_route=\/wp\/v2\/users\/1"}],"replies":[{"embeddable":true,"href":"https:\/\/vagas.portalemprego.com.br\/index.php?rest_route=%2Fwp%2Fv2%2Fcomments&post=2946"}],"version-history":[{"count":0,"href":"https:\/\/vagas.portalemprego.com.br\/index.php?rest_route=\/wp\/v2\/posts\/2946\/revisions"}],"wp:attachment":[{"href":"https:\/\/vagas.portalemprego.com.br\/index.php?rest_route=%2Fwp%2Fv2%2Fmedia&parent=2946"}],"wp:term":[{"taxonomy":"category","embeddable":true,"href":"https:\/\/vagas.portalemprego.com.br\/index.php?rest_route=%2Fwp%2Fv2%2Fcategories&post=2946"},{"taxonomy":"post_tag","embeddable":true,"href":"https:\/\/vagas.portalemprego.com.br\/index.php?rest_route=%2Fwp%2Fv2%2Ftags&post=2946"}],"curies":[{"name":"wp","href":"https:\/\/api.w.org\/{rel}","templated":true}]}}