{"id":2951,"date":"2026-04-29T06:28:28","date_gmt":"2026-04-29T09:28:28","guid":{"rendered":"https:\/\/vagas.portalemprego.com.br\/?p=2951"},"modified":"2026-04-29T06:28:28","modified_gmt":"2026-04-29T09:28:28","slug":"motorista-executivo-bilingue-barra-da-tijuca-rio-de-janeiro-rj-transportes-rio-de-janeiro","status":"publish","type":"post","link":"https:\/\/vagas.portalemprego.com.br\/?p=2951","title":{"rendered":"Motorista Executivo BIL\u00cdNGUE  &#8211; BARRA DA TIJUCA, RIO DE JANEIRO \/ RJ &#8211; Transportes &#8211; Rio de Janeiro"},"content":{"rendered":"<p>O Motorista Executivo Bil\u00edngue \u00e9 o profissional respons\u00e1vel pelo transporte seguro, pontual e confort\u00e1vel de executivos, diretores, empres\u00e1rios ou autoridades, zelando pela confidencialidade, discri\u00e7\u00e3o e alto padr\u00e3o de atendimento. Atua como um facilitador da rotina do cliente, garantindo deslocamentos eficientes e tranquilos.<br \/>\nPrincipais atribui\u00e7\u00f5es:<br \/>\nConduzir o ve\u00edculo de forma segura, defensiva e respons\u00e1vel, respeitando as leis de tr\u00e2nsito<br \/>\nPlanejar rotas, considerando tr\u00e2nsito, clima e compromissos do cliente<br \/>\nGarantir pontualidade em compromissos profissionais e pessoais<br \/>\nManter o ve\u00edculo sempre limpo, abastecido e em perfeitas condi\u00e7\u00f5es de uso<br \/>\nRealizar vistorias peri\u00f3dicas e comunicar necessidades de manuten\u00e7\u00e3o<br \/>\nAtuar com discri\u00e7\u00e3o, \u00e9tica e confidencialidade sobre informa\u00e7\u00f5es do cliente<br \/>\nAuxiliar o passageiro com bagagens, portas e demais necessidades<br \/>\nManter postura profissional, cordial e respeitosa<br \/>\nAdaptar-se a mudan\u00e7as de agenda e hor\u00e1rios flex\u00edveis<br \/>\nCompet\u00eancias desejadas:<br \/>\nDire\u00e7\u00e3o defensiva e, quando aplic\u00e1vel, evasiva<br \/>\nIngles Avan\u00e7ado &#8211; Ser\u00e1 testado.<br \/>\nExcelente apresenta\u00e7\u00e3o pessoal e comunica\u00e7\u00e3o<br \/>\nConhecimento da malha vi\u00e1ria e uso de aplicativos de navega\u00e7\u00e3o<br \/>\nPontualidade, responsabilidade e organiza\u00e7\u00e3o<br \/>\nSigilo profissional e confian\u00e7a<br \/>\nCapacidade de lidar com press\u00e3o e imprevistos<br \/>\nInteressados enviar curr\u00edculo para: 21 97457-0243 e informar a vaga de Motorista Executivo BIL\u00cdNGUE  &#8211; BARRA DA TIJUCA, RIO DE JANEIRO \/ RJ<\/p>\n<ul>\n<li>Local de trabalho: Rio de Janeiro, RJ<\/li>\n<li>Regime de contrata\u00e7\u00e3o de tipo: Efetivo \u2013 CLT<\/li>\n<li>Jornada: Per\u00edodo Integral<\/li>\n<li>\u00c1rea e especializa\u00e7\u00e3o profissional: Transportes &#8211; Motorista de Diretores \/ Executivos<\/li>\n<li>N\u00edvel hier\u00e1rquico: Assistente<\/li>\n<\/ul>\n<p>VALORIZADO<\/p>\n<p>Tempo de experi\u00eancia: Entre 1 e 3 anos<\/p>\n<p>Escolaridade M\u00ednima: Ensino M\u00e9dio (2\u00ba Grau)<\/p>\n<p>Idiomas:<\/p>\n<ul>\n<li>Ingl\u00eas (Avan\u00e7ado)<\/li>\n<\/ul>\n<p>Habilita\u00e7\u00e3o para dirigir: B<\/p>\n<p>Disponibilidade para viajar<\/p>\n<ul>\n<li>Vale-transporte<\/li>\n<li>Assist\u00eancia odontol\u00f3gica<\/li>\n<li>GYMPASS &#8211; WELLHUB<\/li>\n<li>Vale-refei\u00e7\u00e3o<\/li>\n<li>Empr\u00e9stimo Consignado<\/li>\n<li>Seguro de Vida<\/li>\n<\/ul>\n<p>Sal\u00e1rio: 5349,23<\/p>\n","protected":false},"excerpt":{"rendered":"<p>O Motorista Executivo Bil\u00edngue \u00e9 o profissional respons\u00e1vel pelo transporte seguro, pontual e confort\u00e1vel de executivos, diretores, empres\u00e1rios ou autoridades, zelando pela confidencialidade, discri\u00e7\u00e3o e alto padr\u00e3o de atendimento. Atua como um facilitador da rotina do cliente, garantindo deslocamentos eficientes e tranquilos. Principais atribui\u00e7\u00f5es: Conduzir o ve\u00edculo de forma segura, defensiva e respons\u00e1vel, respeitando as [&hellip;]<\/p>\n","protected":false},"author":1,"featured_media":0,"comment_status":"open","ping_status":"open","sticky":false,"template":"","format":"standard","meta":{"footnotes":""},"categories":[21],"tags":[],"class_list":["post-2951","post","type-post","status-publish","format-standard","hentry","category-rio-de-janeiro-rj"],"_links":{"self":[{"href":"https:\/\/vagas.portalemprego.com.br\/index.php?rest_route=\/wp\/v2\/posts\/2951","targetHints":{"allow":["GET"]}}],"collection":[{"href":"https:\/\/vagas.portalemprego.com.br\/index.php?rest_route=\/wp\/v2\/posts"}],"about":[{"href":"https:\/\/vagas.portalemprego.com.br\/index.php?rest_route=\/wp\/v2\/types\/post"}],"author":[{"embeddable":true,"href":"https:\/\/vagas.portalemprego.com.br\/index.php?rest_route=\/wp\/v2\/users\/1"}],"replies":[{"embeddable":true,"href":"https:\/\/vagas.portalemprego.com.br\/index.php?rest_route=%2Fwp%2Fv2%2Fcomments&post=2951"}],"version-history":[{"count":0,"href":"https:\/\/vagas.portalemprego.com.br\/index.php?rest_route=\/wp\/v2\/posts\/2951\/revisions"}],"wp:attachment":[{"href":"https:\/\/vagas.portalemprego.com.br\/index.php?rest_route=%2Fwp%2Fv2%2Fmedia&parent=2951"}],"wp:term":[{"taxonomy":"category","embeddable":true,"href":"https:\/\/vagas.portalemprego.com.br\/index.php?rest_route=%2Fwp%2Fv2%2Fcategories&post=2951"},{"taxonomy":"post_tag","embeddable":true,"href":"https:\/\/vagas.portalemprego.com.br\/index.php?rest_route=%2Fwp%2Fv2%2Ftags&post=2951"}],"curies":[{"name":"wp","href":"https:\/\/api.w.org\/{rel}","templated":true}]}}