{"id":2953,"date":"2026-04-29T06:28:28","date_gmt":"2026-04-29T09:28:28","guid":{"rendered":"https:\/\/vagas.portalemprego.com.br\/?p=2953"},"modified":"2026-04-29T06:28:28","modified_gmt":"2026-04-29T09:28:28","slug":"vendedora-externoa-capital-zona-oeste-e-zona-norte-rj-comercial-vendas-rio-de-janeiro","status":"publish","type":"post","link":"https:\/\/vagas.portalemprego.com.br\/?p=2953","title":{"rendered":"Vendedor(a) Externo(a) &#8211; Capital, Zona Oeste e  Zona Norte\/RJ &#8211; Comercial, Vendas &#8211; Rio de Janeiro"},"content":{"rendered":"<p>Oportunidade: Estamos buscando um(a) Vendedor(a) Externo(a) para atuar na Capital, Zona Oeste e Zona Norte do Rio de Janeiro.<br \/>\nFun\u00e7\u00f5es:<br \/>\nGerenciar e desenvolver contas de clientes existentes e potenciais<br \/>\nRealizar visitas regulares para acompanhar o desempenho e satisfa\u00e7\u00e3o dos clientes<br \/>\nProporcionar solu\u00e7\u00f5es e produtos que atendam \u00e0s necessidades dos clientes<br \/>\nColaborar com a equipe de vendas para atingir metas de vendas e resultados<\/p>\n<p>Requisitos:<br \/>\nEnsino M\u00e9dio completo<br \/>\nExperi\u00eancia em vendas ser\u00e1 um diferencial<br \/>\nBoa comunica\u00e7\u00e3o e habilidades de influ\u00eancia<br \/>\nDisponibilidade para aprender e se desenvolver<br \/>\nFoco em resultados e planejamento<br \/>\nConhecimentos b\u00e1sicos de ferramentas digitais<br \/>\nCNH B ou AB<br \/>\nDisciplina e organiza\u00e7\u00e3o<\/p>\n<p>Benef\u00edcios:<br \/>\nOferecemos um pacote de remunera\u00e7\u00e3o competitivo<br \/>\nVoc\u00ea ter\u00e1 acesso a programas de desenvolvimento profissional<br \/>\nAmbiente de trabalho colaborativo e din\u00e2mico<\/p>\n<p>A vaga \u00e9 presencial e localizada na Zona Oeste e Zona Norte do Rio de Janeiro.<\/p>\n<ul>\n<li>Local de trabalho: Rio de Janeiro, RJ<\/li>\n<li>Regime de contrata\u00e7\u00e3o de tipo: Efetivo \u2013 CLT<\/li>\n<li>Jornada: Per\u00edodo Integral<\/li>\n<li>\u00c1rea e especializa\u00e7\u00e3o profissional: Comercial, Vendas &#8211; Venda Externa<\/li>\n<li>N\u00edvel hier\u00e1rquico: Operacional<\/li>\n<\/ul>\n<p>HABILIDADES<\/p>\n<ul>\n<li>Compromisso<\/li>\n<li>Comunica\u00e7\u00e3o<\/li>\n<li>Dinamismo<\/li>\n<li>Vendas<\/li>\n<li>Prospec\u00e7\u00e3o de clientes<\/li>\n<li>Habilidades comerciais<\/li>\n<li>Capacidade de aconselhar<\/li>\n<li>Influ\u00eancia<\/li>\n<li>Ensino M\u00e9dio Completo<\/li>\n<li>Disciplina<\/li>\n<li>Planejamento<\/li>\n<li>Foco em resultados<\/li>\n<li>Disponibilidade para se desenvolver<\/li>\n<li>Disponibilidade para aprender<\/li>\n<li>Boa comunica\u00e7\u00e3o<\/li>\n<li>Experi\u00eancia em vendas, ser\u00e1 considerado um diferencial<\/li>\n<li>Organiza\u00e7\u00e3o<\/li>\n<li>Conhecimentos de ferramentas digitais<\/li>\n<li>CNH B ou AB<\/li>\n<\/ul>\n<p>Escolaridade M\u00ednima: Ensino M\u00e9dio (2\u00ba Grau)<\/p>\n<p>Habilita\u00e7\u00e3o para dirigir: B<\/p>\n<ul>\n<li>Folgas adicionais durante o ano<\/li>\n<li>Plataforma de telemedicina<\/li>\n<li>Vale alimenta\u00e7\u00e3o ou Refei\u00e7\u00e3o<\/li>\n<li>Conv\u00eanio farm\u00e1cia<\/li>\n<li>Plano de academia<\/li>\n<li>Conv\u00eanio m\u00e9dico<\/li>\n<li>Conv\u00eanio odontol\u00f3gico<\/li>\n<li>Carro disponibilizado pela empresa<\/li>\n<li>Folga de anivers\u00e1rio<\/li>\n<li>Seguro de Vida<\/li>\n<li>B\u00f4nus por resultado<\/li>\n<li>Acesso a curso de idiomas<\/li>\n<\/ul>\n","protected":false},"excerpt":{"rendered":"<p>Oportunidade: Estamos buscando um(a) Vendedor(a) Externo(a) para atuar na Capital, Zona Oeste e Zona Norte do Rio de Janeiro. Fun\u00e7\u00f5es: Gerenciar e desenvolver contas de clientes existentes e potenciais Realizar visitas regulares para acompanhar o desempenho e satisfa\u00e7\u00e3o dos clientes Proporcionar solu\u00e7\u00f5es e produtos que atendam \u00e0s necessidades dos clientes Colaborar com a equipe de [&hellip;]<\/p>\n","protected":false},"author":1,"featured_media":0,"comment_status":"open","ping_status":"open","sticky":false,"template":"","format":"standard","meta":{"footnotes":""},"categories":[21],"tags":[],"class_list":["post-2953","post","type-post","status-publish","format-standard","hentry","category-rio-de-janeiro-rj"],"_links":{"self":[{"href":"https:\/\/vagas.portalemprego.com.br\/index.php?rest_route=\/wp\/v2\/posts\/2953","targetHints":{"allow":["GET"]}}],"collection":[{"href":"https:\/\/vagas.portalemprego.com.br\/index.php?rest_route=\/wp\/v2\/posts"}],"about":[{"href":"https:\/\/vagas.portalemprego.com.br\/index.php?rest_route=\/wp\/v2\/types\/post"}],"author":[{"embeddable":true,"href":"https:\/\/vagas.portalemprego.com.br\/index.php?rest_route=\/wp\/v2\/users\/1"}],"replies":[{"embeddable":true,"href":"https:\/\/vagas.portalemprego.com.br\/index.php?rest_route=%2Fwp%2Fv2%2Fcomments&post=2953"}],"version-history":[{"count":0,"href":"https:\/\/vagas.portalemprego.com.br\/index.php?rest_route=\/wp\/v2\/posts\/2953\/revisions"}],"wp:attachment":[{"href":"https:\/\/vagas.portalemprego.com.br\/index.php?rest_route=%2Fwp%2Fv2%2Fmedia&parent=2953"}],"wp:term":[{"taxonomy":"category","embeddable":true,"href":"https:\/\/vagas.portalemprego.com.br\/index.php?rest_route=%2Fwp%2Fv2%2Fcategories&post=2953"},{"taxonomy":"post_tag","embeddable":true,"href":"https:\/\/vagas.portalemprego.com.br\/index.php?rest_route=%2Fwp%2Fv2%2Ftags&post=2953"}],"curies":[{"name":"wp","href":"https:\/\/api.w.org\/{rel}","templated":true}]}}