{"id":2954,"date":"2026-04-29T06:28:28","date_gmt":"2026-04-29T09:28:28","guid":{"rendered":"https:\/\/vagas.portalemprego.com.br\/?p=2954"},"modified":"2026-04-29T06:28:28","modified_gmt":"2026-04-29T09:28:28","slug":"mecanico-de-refrigeracao-sao-goncalo-rj-construcao-manutencao-sao-goncalo","status":"publish","type":"post","link":"https:\/\/vagas.portalemprego.com.br\/?p=2954","title":{"rendered":"Mec\u00e2nico de Refrigera\u00e7\u00e3o &#8211; S\u00e3o Gon\u00e7alo\/ RJ &#8211; Constru\u00e7\u00e3o, Manuten\u00e7\u00e3o &#8211; S\u00e3o Gon\u00e7alo"},"content":{"rendered":"<p>A\u00a0Onet\u00a0Brasil\u00a0est\u00e1\u00a0com\u00a0vagas\u00a0abertas\u00a0para\u00a0atuar\u00a0como\u00a0Auxiliar\u00a0de\u00a0Manuten\u00e7\u00e3o\u00a0com\u00a0foco\u00a0em\u00a0refrigera\u00e7\u00e3o\/Ar-condicionado,\u00a0na\u00a0regi\u00e3o\u00a0de\u00a0Copacabana\/RJ<br \/>\nNossa\u00a0empresa\u00a0acredita\u00a0na\u00a0diversidade\u00a0e\u00a0na\u00a0inclus\u00e3o\u00a0de\u00a0todos.\u00a0Por\u00a0isso,\u00a0as\u00a0vagas\u00a0abertas\u00a0s\u00e3o\u00a0tamb\u00e9m\u00a0para\u00a0Pessoas\u00a0com\u00a0Defici\u00eancia\u00a0(PCD).<\/p>\n<p>&#8211;\u00a0Sal\u00e1rio:\u00a02.477,14<br \/>\n&#8211;\u00a0Hor\u00e1rio:\u00a007:00 AS 19:00<br \/>\n&#8211;\u00a0Escala:\u00a012&#215;36<br \/>\n&#8211;\u00a0Vale-transporte<br \/>\n&#8211;\u00a0Vale\u00a0Alimenta\u00e7\u00e3o\u00a0R$22,41\/DIA<\/p>\n<ul>\n<li>Local de trabalho: S\u00e3o Gon\u00e7alo, RJ<\/li>\n<li>Regime de contrata\u00e7\u00e3o de tipo: Efetivo \u2013 CLT<\/li>\n<li>Jornada: Per\u00edodo Integral<\/li>\n<li>\u00c1rea e especializa\u00e7\u00e3o profissional: Constru\u00e7\u00e3o, Manuten\u00e7\u00e3o &#8211; Manuten\u00e7\u00e3o em Geral<\/li>\n<li>N\u00edvel hier\u00e1rquico: Operacional<\/li>\n<\/ul>\n<p>Escolaridade M\u00ednima: Ensino M\u00e9dio (2\u00ba Grau)<\/p>\n<p>Sal\u00e1rio: 2500,0<\/p>\n","protected":false},"excerpt":{"rendered":"<p>A\u00a0Onet\u00a0Brasil\u00a0est\u00e1\u00a0com\u00a0vagas\u00a0abertas\u00a0para\u00a0atuar\u00a0como\u00a0Auxiliar\u00a0de\u00a0Manuten\u00e7\u00e3o\u00a0com\u00a0foco\u00a0em\u00a0refrigera\u00e7\u00e3o\/Ar-condicionado,\u00a0na\u00a0regi\u00e3o\u00a0de\u00a0Copacabana\/RJ Nossa\u00a0empresa\u00a0acredita\u00a0na\u00a0diversidade\u00a0e\u00a0na\u00a0inclus\u00e3o\u00a0de\u00a0todos.\u00a0Por\u00a0isso,\u00a0as\u00a0vagas\u00a0abertas\u00a0s\u00e3o\u00a0tamb\u00e9m\u00a0para\u00a0Pessoas\u00a0com\u00a0Defici\u00eancia\u00a0(PCD). &#8211;\u00a0Sal\u00e1rio:\u00a02.477,14 &#8211;\u00a0Hor\u00e1rio:\u00a007:00 AS 19:00 &#8211;\u00a0Escala:\u00a012&#215;36 &#8211;\u00a0Vale-transporte &#8211;\u00a0Vale\u00a0Alimenta\u00e7\u00e3o\u00a0R$22,41\/DIA Local de trabalho: S\u00e3o Gon\u00e7alo, RJ Regime de contrata\u00e7\u00e3o de tipo: Efetivo \u2013 CLT Jornada: Per\u00edodo Integral \u00c1rea e especializa\u00e7\u00e3o profissional: Constru\u00e7\u00e3o, Manuten\u00e7\u00e3o &#8211; Manuten\u00e7\u00e3o em Geral N\u00edvel hier\u00e1rquico: Operacional Escolaridade M\u00ednima: Ensino M\u00e9dio (2\u00ba Grau) Sal\u00e1rio: 2500,0<\/p>\n","protected":false},"author":1,"featured_media":0,"comment_status":"open","ping_status":"open","sticky":false,"template":"","format":"standard","meta":{"footnotes":""},"categories":[21],"tags":[],"class_list":["post-2954","post","type-post","status-publish","format-standard","hentry","category-rio-de-janeiro-rj"],"_links":{"self":[{"href":"https:\/\/vagas.portalemprego.com.br\/index.php?rest_route=\/wp\/v2\/posts\/2954","targetHints":{"allow":["GET"]}}],"collection":[{"href":"https:\/\/vagas.portalemprego.com.br\/index.php?rest_route=\/wp\/v2\/posts"}],"about":[{"href":"https:\/\/vagas.portalemprego.com.br\/index.php?rest_route=\/wp\/v2\/types\/post"}],"author":[{"embeddable":true,"href":"https:\/\/vagas.portalemprego.com.br\/index.php?rest_route=\/wp\/v2\/users\/1"}],"replies":[{"embeddable":true,"href":"https:\/\/vagas.portalemprego.com.br\/index.php?rest_route=%2Fwp%2Fv2%2Fcomments&post=2954"}],"version-history":[{"count":0,"href":"https:\/\/vagas.portalemprego.com.br\/index.php?rest_route=\/wp\/v2\/posts\/2954\/revisions"}],"wp:attachment":[{"href":"https:\/\/vagas.portalemprego.com.br\/index.php?rest_route=%2Fwp%2Fv2%2Fmedia&parent=2954"}],"wp:term":[{"taxonomy":"category","embeddable":true,"href":"https:\/\/vagas.portalemprego.com.br\/index.php?rest_route=%2Fwp%2Fv2%2Fcategories&post=2954"},{"taxonomy":"post_tag","embeddable":true,"href":"https:\/\/vagas.portalemprego.com.br\/index.php?rest_route=%2Fwp%2Fv2%2Ftags&post=2954"}],"curies":[{"name":"wp","href":"https:\/\/api.w.org\/{rel}","templated":true}]}}