{"id":2958,"date":"2026-04-29T06:28:28","date_gmt":"2026-04-29T09:28:28","guid":{"rendered":"https:\/\/vagas.portalemprego.com.br\/?p=2958"},"modified":"2026-04-29T06:28:28","modified_gmt":"2026-04-29T09:28:28","slug":"compradora-pleno-varejo-moda-clt-rede-de-lojas-de-departamento-rj-compras-rio-de-janeiro","status":"publish","type":"post","link":"https:\/\/vagas.portalemprego.com.br\/?p=2958","title":{"rendered":"COMPRADOR(A) PLENO | VAREJO | MODA | CLT | REDE DE LOJAS DE DEPARTAMENTO | RJ &#8211; Compras &#8211; Rio de Janeiro"},"content":{"rendered":"<p>OPORTUNIDADE:<\/p>\n<p>*COMPRADOR(A) PLENO | VAREJO | MODA | CLT | REDE DE LOJAS DE DEPARTAMENTO | RJ*\u00a0\u00a0\u00a0\u00a0\u00a0\u00a0<br \/>\n\u00a0<br \/>\nLocal: Campo Grande;<br \/>\nContrata\u00e7\u00e3o: CLT;<br \/>\nModalidade: 100% Presencial;<br \/>\nHor\u00e1rio: 08:00 as 18:00;<\/p>\n<p>?? *PRINCIPAIS RESPONSABILIDADES:*<br \/>\n\u2022\u00a0\u00a0\u00a0\u00a0\u00a0\u00a0\u00a0\u00a0\u00a0\u00a0\u00a0\u00a0 Definir e executar o sortimento da cole\u00e7\u00e3o feminina conforme estrat\u00e9gia da marca;<br \/>\n\u2022\u00a0\u00a0\u00a0\u00a0\u00a0\u00a0\u00a0\u00a0\u00a0\u00a0\u00a0\u00a0 Acompanhar tend\u00eancias de moda (feiras, viagens, pesquisas, concorr\u00eancia);<br \/>\n\u2022\u00a0\u00a0\u00a0\u00a0\u00a0\u00a0\u00a0\u00a0\u00a0\u00a0\u00a0\u00a0 Negociar pre\u00e7os, prazos, exclusividades e condi\u00e7\u00f5es comerciais;<br \/>\n\u2022\u00a0\u00a0\u00a0\u00a0\u00a0\u00a0\u00a0\u00a0\u00a0\u00a0\u00a0\u00a0 Monitorar estoque, giro de produtos e desempenho de vendas, ajustando a estrat\u00e9gia;<br \/>\n\u2022\u00a0\u00a0\u00a0\u00a0\u00a0\u00a0\u00a0\u00a0\u00a0\u00a0\u00a0\u00a0 Garantir o alinhamento entre estilo, planejamento e comercial;<br \/>\n\u00a0<br \/>\n*REQUISITOS:*<br \/>\n\u2022\u00a0\u00a0\u00a0\u00a0\u00a0\u00a0\u00a0\u00a0\u00a0\u00a0\u00a0\u00a0 Experi\u00eancia anterior em compras de moda, preferencialmente no segmento feminino (atacado ou varejo);<br \/>\n\u2022\u00a0\u00a0\u00a0\u00a0\u00a0\u00a0\u00a0\u00a0\u00a0\u00a0\u00a0\u00a0 Superior completo em Administra\u00e7\u00e3o, Moda, Marketing ou \u00e1reas correlatas;<br \/>\n\u2022\u00a0\u00a0\u00a0\u00a0\u00a0\u00a0\u00a0\u00a0\u00a0\u00a0\u00a0\u00a0 Conhecimento no Pacote Office;<br \/>\n\u2022\u00a0\u00a0\u00a0\u00a0\u00a0\u00a0\u00a0\u00a0\u00a0\u00a0\u00a0\u00a0 Dom\u00ednio do Excel \u2013 Capacidade de criar relat\u00f3rios, analisar dados com tabelas din\u00e2micas e aplicar f\u00f3rmulas (ProcV\/XProc, SomaSe), objetivando a constru\u00e7\u00e3o de dashboards;<br \/>\n\u2022\u00a0\u00a0\u00a0\u00a0\u00a0\u00a0\u00a0\u00a0\u00a0\u00a0\u00a0\u00a0 Experi\u00eancia com gest\u00e3o de sortimento, planejamento de cole\u00e7\u00e3o, negocia\u00e7\u00e3o com fornecedores;<br \/>\n\u2022\u00a0\u00a0\u00a0\u00a0\u00a0\u00a0\u00a0\u00a0\u00a0\u00a0\u00a0\u00a0 Conhecimento em an\u00e1lise de giro, estoque e margem;<br \/>\n\u2022\u00a0\u00a0\u00a0\u00a0\u00a0\u00a0\u00a0\u00a0\u00a0\u00a0\u00a0\u00a0 Vis\u00e3o de mercado e cliente-alvo (entender diferentes perfis de consumidor feminino);<br \/>\n\u2022\u00a0\u00a0\u00a0\u00a0\u00a0\u00a0\u00a0\u00a0\u00a0\u00a0\u00a0\u00a0 Boa comunica\u00e7\u00e3o e negocia\u00e7\u00e3o assertiva;<br \/>\n\u2022\u00a0\u00a0\u00a0\u00a0\u00a0\u00a0\u00a0\u00a0\u00a0\u00a0\u00a0\u00a0 Agilidade na tomada de decis\u00e3o e resili\u00eancia sob press\u00e3o;<br \/>\n\u2022\u00a0\u00a0\u00a0\u00a0\u00a0\u00a0\u00a0\u00a0\u00a0\u00a0\u00a0\u00a0 Trabalho em equipe com \u00e1reas de estilo, planejamento, visual merchandising e marketing;<br \/>\n\u2022\u00a0\u00a0\u00a0\u00a0\u00a0\u00a0\u00a0\u00a0\u00a0\u00a0\u00a0\u00a0 F\u00e1cil acesso a Campo Grande;<\/p>\n<p>?? *REMUNERA\u00c7\u00c3O: R$ 4.542,15 (mensal);*<br \/>\n\u00a0<br \/>\n*BENEFICIOS:*<br \/>\n\u2022\u00a0\u00a0\u00a0\u00a0\u00a0\u00a0\u00a0\u00a0\u00a0\u00a0\u00a0\u00a0 VT;<br \/>\n\u2022\u00a0\u00a0\u00a0\u00a0\u00a0\u00a0\u00a0\u00a0\u00a0\u00a0\u00a0\u00a0 Cesta B\u00e1sica;<br \/>\n\u2022\u00a0\u00a0\u00a0\u00a0\u00a0\u00a0\u00a0\u00a0\u00a0\u00a0\u00a0\u00a0 Plano Assist. M\u00e9dica Assim;<br \/>\n\u2022\u00a0\u00a0\u00a0\u00a0\u00a0\u00a0\u00a0\u00a0\u00a0\u00a0\u00a0\u00a0 Plano Odontol\u00f3gico Assim;<br \/>\n\u2022\u00a0\u00a0\u00a0\u00a0\u00a0\u00a0\u00a0\u00a0\u00a0\u00a0\u00a0\u00a0 Premia\u00e7\u00e3o quadrimestre por atingimento de meta;<br \/>\n\u00a0<\/p>\n<p>Boa sorte!<\/p>\n<ul>\n<li>Local de trabalho: Rio de Janeiro, RJ<\/li>\n<li>Regime de contrata\u00e7\u00e3o de tipo: Efetivo \u2013 CLT<\/li>\n<li>Jornada: Per\u00edodo Integral<\/li>\n<li>\u00c1rea e especializa\u00e7\u00e3o profissional: Compras &#8211; Compras<\/li>\n<li>N\u00edvel hier\u00e1rquico: Analista<\/li>\n<\/ul>\n<p>VALORIZADO<\/p>\n<p>Tempo de experi\u00eancia: Entre 1 e 3 anos<\/p>\n<p>Escolaridade M\u00ednima: Ensino Superior<\/p>\n<p>Sal\u00e1rio: 4542,15<\/p>\n","protected":false},"excerpt":{"rendered":"<p>OPORTUNIDADE: *COMPRADOR(A) PLENO | VAREJO | MODA | CLT | REDE DE LOJAS DE DEPARTAMENTO | RJ*\u00a0\u00a0\u00a0\u00a0\u00a0\u00a0 \u00a0 Local: Campo Grande; Contrata\u00e7\u00e3o: CLT; Modalidade: 100% Presencial; Hor\u00e1rio: 08:00 as 18:00; ?? *PRINCIPAIS RESPONSABILIDADES:* \u2022\u00a0\u00a0\u00a0\u00a0\u00a0\u00a0\u00a0\u00a0\u00a0\u00a0\u00a0\u00a0 Definir e executar o sortimento da cole\u00e7\u00e3o feminina conforme estrat\u00e9gia da marca; \u2022\u00a0\u00a0\u00a0\u00a0\u00a0\u00a0\u00a0\u00a0\u00a0\u00a0\u00a0\u00a0 Acompanhar tend\u00eancias de moda (feiras, viagens, pesquisas, concorr\u00eancia); [&hellip;]<\/p>\n","protected":false},"author":1,"featured_media":0,"comment_status":"open","ping_status":"open","sticky":false,"template":"","format":"standard","meta":{"footnotes":""},"categories":[21],"tags":[],"class_list":["post-2958","post","type-post","status-publish","format-standard","hentry","category-rio-de-janeiro-rj"],"_links":{"self":[{"href":"https:\/\/vagas.portalemprego.com.br\/index.php?rest_route=\/wp\/v2\/posts\/2958","targetHints":{"allow":["GET"]}}],"collection":[{"href":"https:\/\/vagas.portalemprego.com.br\/index.php?rest_route=\/wp\/v2\/posts"}],"about":[{"href":"https:\/\/vagas.portalemprego.com.br\/index.php?rest_route=\/wp\/v2\/types\/post"}],"author":[{"embeddable":true,"href":"https:\/\/vagas.portalemprego.com.br\/index.php?rest_route=\/wp\/v2\/users\/1"}],"replies":[{"embeddable":true,"href":"https:\/\/vagas.portalemprego.com.br\/index.php?rest_route=%2Fwp%2Fv2%2Fcomments&post=2958"}],"version-history":[{"count":0,"href":"https:\/\/vagas.portalemprego.com.br\/index.php?rest_route=\/wp\/v2\/posts\/2958\/revisions"}],"wp:attachment":[{"href":"https:\/\/vagas.portalemprego.com.br\/index.php?rest_route=%2Fwp%2Fv2%2Fmedia&parent=2958"}],"wp:term":[{"taxonomy":"category","embeddable":true,"href":"https:\/\/vagas.portalemprego.com.br\/index.php?rest_route=%2Fwp%2Fv2%2Fcategories&post=2958"},{"taxonomy":"post_tag","embeddable":true,"href":"https:\/\/vagas.portalemprego.com.br\/index.php?rest_route=%2Fwp%2Fv2%2Ftags&post=2958"}],"curies":[{"name":"wp","href":"https:\/\/api.w.org\/{rel}","templated":true}]}}