{"id":2959,"date":"2026-04-29T06:28:28","date_gmt":"2026-04-29T09:28:28","guid":{"rendered":"https:\/\/vagas.portalemprego.com.br\/?p=2959"},"modified":"2026-04-29T06:28:28","modified_gmt":"2026-04-29T09:28:28","slug":"medico-do-trabalho-saude-rio-de-janeiro-2","status":"publish","type":"post","link":"https:\/\/vagas.portalemprego.com.br\/?p=2959","title":{"rendered":"MEDICO DO TRABALHO &#8211; Sa\u00fade &#8211; Rio de Janeiro"},"content":{"rendered":"<p>Contestar\u00a0benef\u00edcio\u00a0previdenci\u00e1rio,\u00a0com\u00a0base\u00a0em\u00a0fatos\u00a0e\u00a0conhecimento\u00a0das\u00a0atividades\u00a0desenvolvidas\u00a0e\u00a0transtornos\u00a0apresentados,\u00a0sempre\u00a0que\u00a0houver\u00a0defini\u00e7\u00e3o\u00a0pelo\u00a0INSS\u00a0\u2013\u00a0Instituto\u00a0Nacional\u00a0do\u00a0Seguro\u00a0Social,\u00a0de\u00a0causa\u00a0ocupacional\u00a0n\u00e3o\u00a0reconhecida\u00a0pela\u00a0Hapvida;<br \/>\nResponder\u00a0pela\u00a0avalia\u00e7\u00e3o\u00a0e\u00a0investiga\u00e7\u00e3o\u00a0de\u00a0acidentes\u00a0de\u00a0trabalho\u00a0e\u00a0doen\u00e7as\u00a0ocupacionais;<br \/>\nResponder\u00a0pela\u00a0realiza\u00e7\u00e3o\u00a0de\u00a0exames\u00a0ocupacionais,\u00a0incluindo\u00a0exames\u00a0admissionais,\u00a0demissionais\u00a0e\u00a0de\u00a0retorno\u00a0ao\u00a0trabalho;<br \/>\nRealizar\u00a0acolhimento,\u00a0avalia\u00e7\u00e3o\u00a0clinica\u00a0e\u00a0suporte\u00a0aos\u00a0colaboradores,\u00a0junto\u00a0a\u00a0equipe\u00a0assistencial;<br \/>\nAtuar\u00a0na\u00a0gest\u00e3o\u00a0de\u00a0sa\u00fade\u00a0e\u00a0inclus\u00e3o\u00a0de\u00a0pessoa\u00a0com\u00a0defici\u00eancia\u00a0(PCD);<br \/>\nApoiar\u00a0na\u00a0realiza\u00e7\u00e3o\u00a0e\u00a0atualiza\u00e7\u00e3o\u00a0do\u00a0PCMSO\u00a0&#8211;\u00a0Programa\u00a0de\u00a0Controle\u00a0M\u00e9dico\u00a0de\u00a0Sa\u00fade\u00a0Ocupacional,\u00a0conduzindo\u00a0e\u00a0controlando\u00a0processos\u00a0nele\u00a0estabelecidos\u00a0nas\u00a0unidades\u00a0sob\u00a0sua\u00a0responsabilidade;<br \/>\nEfetuar\u00a0an\u00e1lise\u00a0ergon\u00f4mica\u00a0de\u00a0posto\u00a0de\u00a0trabalho,\u00a0em\u00a0atendimento\u00a0\u00e0\u00a0Norma\u00a0Regulamentadora;<br \/>\nOrganizar\u00a0eventos\u00a0relacionados\u00a0\u00e0\u00a0medicina\u00a0preventiva\u00a0e\u00a0programas\u00a0de\u00a0sa\u00fade\u00a0como\u00a0programa\u00a0de\u00a0controle\u00a0auditivo\u00a0e\u00a0sa\u00fade\u00a0mental,\u00a0bem\u00a0como\u00a0participar\u00a0em\u00a0palestras\u00a0e\u00a0eventos\u00a0relacionados\u00a0\u00e0\u00a0Medicina\u00a0do\u00a0trabalho;<br \/>\nResponder\u00a0pelo\u00a0levantamento\u00a0e\u00a0an\u00e1lise\u00a0de\u00a0indicadores\u00a0reativos\u00a0e\u00a0pr\u00f3-ativos\u00a0no\u00a0\u00e2mbito\u00a0da\u00a0sa\u00fade\u00a0ocupacional;<br \/>\nEfetuar\u00a0a\u00a0avalia\u00e7\u00e3o\u00a0clinica\u00a0dos\u00a0colaboradores\u00a0ap\u00f3s\u00a0emiss\u00e3o\u00a0de\u00a0atestado\u00a0(valida\u00e7\u00e3o);<br \/>\nAtuar\u00a0no\u00a0acompanhamento\u00a0cl\u00ednico\u00a0de\u00a0funcion\u00e1rios\u00a0ap\u00f3s\u00a0exposi\u00e7\u00e3o\u00a0a\u00a0materiais\u00a0biol\u00f3gicos\u00a0e\/ou\u00a0acidentes\u00a0de\u00a0trabalho,\u00a0conforme\u00a0fluxo\u00a0vigente\u00a0de\u00a0acidentes\u00a0com\u00a0materiais\u00a0biol\u00f3gicos;<br \/>\nPara\u00a0o\u00a0exerc\u00edcio\u00a0do\u00a0cargo\u00a0de\u00a0M\u00e9dico\u00a0do\u00a0Trabalho\u00a0\u00e9\u00a0imprescind\u00edvel\u00a0que\u00a0o\u00a0ocupante\u00a0do\u00a0cargo\u00a0tenha\u00a0registro\u00a0vigente\u00a0no\u00a0Conselho\u00a0Regional\u00a0de\u00a0Medicina\u00a0(CRM),\u00a0al\u00e9m\u00a0de\u00a0estar\u00a0com\u00a0as\u00a0obriga\u00e7\u00f5es\u00a0financeiras\u00a0plenamente\u00a0quitadas\u00a0no\u00a0referido\u00a0conselho;<br \/>\nExecutar\u00a0outras\u00a0atividades\u00a0correlatas\u00a0a\u00a0crit\u00e9rio\u00a0do\u00a0superior.<\/p>\n<ul>\n<li>Local de trabalho: Rio de Janeiro, RJ<\/li>\n<li>Regime de contrata\u00e7\u00e3o de tipo: Efetivo \u2013 CLT<\/li>\n<li>Jornada: Per\u00edodo Integral<\/li>\n<li>\u00c1rea e especializa\u00e7\u00e3o profissional: Sa\u00fade &#8211; Medicina do trabalho<\/li>\n<li>N\u00edvel hier\u00e1rquico: Especialista<\/li>\n<\/ul>\n<p>Escolaridade M\u00ednima: P\u00f3s-gradua\u00e7\u00e3o &#8211; Especializa\u00e7\u00e3o\/MBA<\/p>\n","protected":false},"excerpt":{"rendered":"<p>Contestar\u00a0benef\u00edcio\u00a0previdenci\u00e1rio,\u00a0com\u00a0base\u00a0em\u00a0fatos\u00a0e\u00a0conhecimento\u00a0das\u00a0atividades\u00a0desenvolvidas\u00a0e\u00a0transtornos\u00a0apresentados,\u00a0sempre\u00a0que\u00a0houver\u00a0defini\u00e7\u00e3o\u00a0pelo\u00a0INSS\u00a0\u2013\u00a0Instituto\u00a0Nacional\u00a0do\u00a0Seguro\u00a0Social,\u00a0de\u00a0causa\u00a0ocupacional\u00a0n\u00e3o\u00a0reconhecida\u00a0pela\u00a0Hapvida; Responder\u00a0pela\u00a0avalia\u00e7\u00e3o\u00a0e\u00a0investiga\u00e7\u00e3o\u00a0de\u00a0acidentes\u00a0de\u00a0trabalho\u00a0e\u00a0doen\u00e7as\u00a0ocupacionais; Responder\u00a0pela\u00a0realiza\u00e7\u00e3o\u00a0de\u00a0exames\u00a0ocupacionais,\u00a0incluindo\u00a0exames\u00a0admissionais,\u00a0demissionais\u00a0e\u00a0de\u00a0retorno\u00a0ao\u00a0trabalho; Realizar\u00a0acolhimento,\u00a0avalia\u00e7\u00e3o\u00a0clinica\u00a0e\u00a0suporte\u00a0aos\u00a0colaboradores,\u00a0junto\u00a0a\u00a0equipe\u00a0assistencial; Atuar\u00a0na\u00a0gest\u00e3o\u00a0de\u00a0sa\u00fade\u00a0e\u00a0inclus\u00e3o\u00a0de\u00a0pessoa\u00a0com\u00a0defici\u00eancia\u00a0(PCD); Apoiar\u00a0na\u00a0realiza\u00e7\u00e3o\u00a0e\u00a0atualiza\u00e7\u00e3o\u00a0do\u00a0PCMSO\u00a0&#8211;\u00a0Programa\u00a0de\u00a0Controle\u00a0M\u00e9dico\u00a0de\u00a0Sa\u00fade\u00a0Ocupacional,\u00a0conduzindo\u00a0e\u00a0controlando\u00a0processos\u00a0nele\u00a0estabelecidos\u00a0nas\u00a0unidades\u00a0sob\u00a0sua\u00a0responsabilidade; Efetuar\u00a0an\u00e1lise\u00a0ergon\u00f4mica\u00a0de\u00a0posto\u00a0de\u00a0trabalho,\u00a0em\u00a0atendimento\u00a0\u00e0\u00a0Norma\u00a0Regulamentadora; Organizar\u00a0eventos\u00a0relacionados\u00a0\u00e0\u00a0medicina\u00a0preventiva\u00a0e\u00a0programas\u00a0de\u00a0sa\u00fade\u00a0como\u00a0programa\u00a0de\u00a0controle\u00a0auditivo\u00a0e\u00a0sa\u00fade\u00a0mental,\u00a0bem\u00a0como\u00a0participar\u00a0em\u00a0palestras\u00a0e\u00a0eventos\u00a0relacionados\u00a0\u00e0\u00a0Medicina\u00a0do\u00a0trabalho; Responder\u00a0pelo\u00a0levantamento\u00a0e\u00a0an\u00e1lise\u00a0de\u00a0indicadores\u00a0reativos\u00a0e\u00a0pr\u00f3-ativos\u00a0no\u00a0\u00e2mbito\u00a0da\u00a0sa\u00fade\u00a0ocupacional; Efetuar\u00a0a\u00a0avalia\u00e7\u00e3o\u00a0clinica\u00a0dos\u00a0colaboradores\u00a0ap\u00f3s\u00a0emiss\u00e3o\u00a0de\u00a0atestado\u00a0(valida\u00e7\u00e3o); Atuar\u00a0no\u00a0acompanhamento\u00a0cl\u00ednico\u00a0de\u00a0funcion\u00e1rios\u00a0ap\u00f3s\u00a0exposi\u00e7\u00e3o\u00a0a\u00a0materiais\u00a0biol\u00f3gicos\u00a0e\/ou\u00a0acidentes\u00a0de\u00a0trabalho,\u00a0conforme\u00a0fluxo\u00a0vigente\u00a0de\u00a0acidentes\u00a0com\u00a0materiais\u00a0biol\u00f3gicos; Para\u00a0o\u00a0exerc\u00edcio\u00a0do\u00a0cargo\u00a0de\u00a0M\u00e9dico\u00a0do\u00a0Trabalho\u00a0\u00e9\u00a0imprescind\u00edvel\u00a0que\u00a0o\u00a0ocupante\u00a0do\u00a0cargo\u00a0tenha\u00a0registro\u00a0vigente\u00a0no\u00a0Conselho\u00a0Regional\u00a0de\u00a0Medicina\u00a0(CRM),\u00a0al\u00e9m\u00a0de\u00a0estar\u00a0com\u00a0as\u00a0obriga\u00e7\u00f5es\u00a0financeiras\u00a0plenamente\u00a0quitadas\u00a0no\u00a0referido\u00a0conselho; Executar\u00a0outras\u00a0atividades\u00a0correlatas\u00a0a\u00a0crit\u00e9rio\u00a0do\u00a0superior. Local de trabalho: Rio de Janeiro, RJ Regime de contrata\u00e7\u00e3o de tipo: Efetivo \u2013 CLT Jornada: Per\u00edodo Integral \u00c1rea e especializa\u00e7\u00e3o profissional: Sa\u00fade &#8211; Medicina do trabalho N\u00edvel hier\u00e1rquico: Especialista Escolaridade M\u00ednima: P\u00f3s-gradua\u00e7\u00e3o &#8211; Especializa\u00e7\u00e3o\/MBA<\/p>\n","protected":false},"author":1,"featured_media":0,"comment_status":"open","ping_status":"open","sticky":false,"template":"","format":"standard","meta":{"footnotes":""},"categories":[21],"tags":[],"class_list":["post-2959","post","type-post","status-publish","format-standard","hentry","category-rio-de-janeiro-rj"],"_links":{"self":[{"href":"https:\/\/vagas.portalemprego.com.br\/index.php?rest_route=\/wp\/v2\/posts\/2959","targetHints":{"allow":["GET"]}}],"collection":[{"href":"https:\/\/vagas.portalemprego.com.br\/index.php?rest_route=\/wp\/v2\/posts"}],"about":[{"href":"https:\/\/vagas.portalemprego.com.br\/index.php?rest_route=\/wp\/v2\/types\/post"}],"author":[{"embeddable":true,"href":"https:\/\/vagas.portalemprego.com.br\/index.php?rest_route=\/wp\/v2\/users\/1"}],"replies":[{"embeddable":true,"href":"https:\/\/vagas.portalemprego.com.br\/index.php?rest_route=%2Fwp%2Fv2%2Fcomments&post=2959"}],"version-history":[{"count":0,"href":"https:\/\/vagas.portalemprego.com.br\/index.php?rest_route=\/wp\/v2\/posts\/2959\/revisions"}],"wp:attachment":[{"href":"https:\/\/vagas.portalemprego.com.br\/index.php?rest_route=%2Fwp%2Fv2%2Fmedia&parent=2959"}],"wp:term":[{"taxonomy":"category","embeddable":true,"href":"https:\/\/vagas.portalemprego.com.br\/index.php?rest_route=%2Fwp%2Fv2%2Fcategories&post=2959"},{"taxonomy":"post_tag","embeddable":true,"href":"https:\/\/vagas.portalemprego.com.br\/index.php?rest_route=%2Fwp%2Fv2%2Ftags&post=2959"}],"curies":[{"name":"wp","href":"https:\/\/api.w.org\/{rel}","templated":true}]}}