{"id":2960,"date":"2026-04-29T06:28:28","date_gmt":"2026-04-29T09:28:28","guid":{"rendered":"https:\/\/vagas.portalemprego.com.br\/?p=2960"},"modified":"2026-04-29T06:28:28","modified_gmt":"2026-04-29T09:28:28","slug":"tratadora-aquicultora-aquario-agricultura-pecuaria-veterinaria-rio-de-janeiro","status":"publish","type":"post","link":"https:\/\/vagas.portalemprego.com.br\/?p=2960","title":{"rendered":"Tratador(a) Aquicultor(a) &#8211; AquaRio &#8211; Agricultura, Pecu\u00e1ria, Veterin\u00e1ria &#8211; Rio de Janeiro"},"content":{"rendered":"<p>Ao se juntar ao Grupo Cataratas, voc\u00ea far\u00e1 parte de uma empresa que tem em seu DNA a sustentabilidade, a diversidade e a inova\u00e7\u00e3o, e que se esfor\u00e7a para deixar um legado duradouro de impacto positivo no mundo.<br \/>\nAqui n\u00e3o nos limitamos a simplesmente oferecer um emprego, mas sim a proporcionar uma experi\u00eancia significativa e enriquecedora para nossos Embaixadores. N\u00e3o \u00e9 atoa que hoje somos reconhecidos como um excelente lugar para se trabalhar por nossos Embaixadores, certificados pela GPTW, FIA-UOL e Valor Carreira.<\/p>\n<p>O que voc\u00ea far\u00e1 no dia a dia \/ Atividades da vaga<br \/>\nSupervisionar as rotinas de cultivo, reprodu\u00e7\u00e3o, larvicultura e manuten\u00e7\u00e3o de organismos aqu\u00e1ticos.<br \/>\nAcompanhar e orientar a equipe t\u00e9cnica, garantindo a correta aplica\u00e7\u00e3o dos protocolos operacionais.<br \/>\nMonitorar e controlar par\u00e2metros de qualidade da \u00e1gua (f\u00edsico-qu\u00edmicos e biol\u00f3gicos).<br \/>\nSupervisionar a produ\u00e7\u00e3o e distribui\u00e7\u00e3o de alimento vivo (fitopl\u00e2ncton, zoopl\u00e2ncton e organismos correlatos).<br \/>\nAcompanhar a opera\u00e7\u00e3o e manuten\u00e7\u00e3o dos sistemas de suporte \u00e0 vida (Life Support Systems \u2013 LSS).<br \/>\nRevisar, validar e garantir a qualidade dos registros t\u00e9cnicos e relat\u00f3rios operacionais.<br \/>\nApoiar o desenvolvimento, padroniza\u00e7\u00e3o e melhoria cont\u00ednua de protocolos t\u00e9cnicos.<br \/>\nContribuir para o planejamento e implementa\u00e7\u00e3o de melhorias estruturais e operacionais do setor.<br \/>\nAtuar, quando necess\u00e1rio, nas rotinas pr\u00e1ticas, garantindo integra\u00e7\u00e3o com a equipe.<br \/>\nApoiar a\u00e7\u00f5es de pesquisa, conserva\u00e7\u00e3o e projetos institucionais relacionados \u00e0 aquicultura.<\/p>\n<p>O que faz de voc\u00ea a pessoa ideal \/ Requisitos da vaga<br \/>\nGradua\u00e7\u00e3o completa em Aquicultura ou \u00e1reas correlatas (Ci\u00eancias Biol\u00f3gicas, Oceanografia, Zootecnia, Engenharia de Pesca, entre outras).<br \/>\nExperi\u00eancia comprovada em cultivo de organismos aqu\u00e1ticos e\/ou produ\u00e7\u00e3o de alimento vivo.<br \/>\nViv\u00eancia com esp\u00e9cies como peixes ornamentais, cavalos-marinhos, \u00e1guas-vivas ou similares.<br \/>\nConhecimento em produ\u00e7\u00e3o de fitopl\u00e2ncton, zoopl\u00e2ncton e manejo de biot\u00e9rio aqu\u00e1tico.<br \/>\nExperi\u00eancia com monitoramento de qualidade da \u00e1gua e opera\u00e7\u00e3o de sistemas de suporte \u00e0 vida (LSS).<br \/>\nDiferenciais:<br \/>\nExperi\u00eancia com cultivo de \u00e1guas-vivas.<br \/>\nViv\u00eancia com engorda de art\u00eamia.<br \/>\nExperi\u00eancia com manuten\u00e7\u00e3o de p\u00f3s-larvas (PL) de camar\u00e3o.<br \/>\nParticipa\u00e7\u00e3o em projetos de pesquisa ou conserva\u00e7\u00e3o marinha.<\/p>\n<p>Local de trabalho:<br \/>\n\u2022  AquaRio &#8211; Rio de Janeiro\/RJ<br \/>\nHor\u00e1rio de trabalho e escala:<br \/>\n\u2022 Escala 6&#215;1, inclusive aos finais de semana e feriados.<br \/>\n\u2022 Jornada flex\u00edvel entre 8h e 19h.<\/p>\n<p>Vem causar muito impacto positivo conosco!<\/p>\n<ul>\n<li>Local de trabalho: Rio de Janeiro, RJ<\/li>\n<li>Regime de contrata\u00e7\u00e3o de tipo: Efetivo \u2013 CLT<\/li>\n<li>Jornada: Per\u00edodo Integral<\/li>\n<li>\u00c1rea e especializa\u00e7\u00e3o profissional: Agricultura, Pecu\u00e1ria, Veterin\u00e1ria &#8211; Zootecnia<\/li>\n<li>N\u00edvel hier\u00e1rquico: Analista<\/li>\n<\/ul>\n<p>Escolaridade M\u00ednima: Ensino M\u00e9dio (2\u00ba Grau)<\/p>\n<ul>\n<li>Licen\u00e7a maternidade\/paternidade estendida<\/li>\n<li>Vale cultura<\/li>\n<li>Folga de anivers\u00e1rio<\/li>\n<li>Folga de tempo de empresa<\/li>\n<li>Reajuste por tempo de servi\u00e7o<\/li>\n<li>Avalia\u00e7\u00e3o de desempenho anual<\/li>\n<li>Participa\u00e7\u00e3o nos resultados<\/li>\n<li>Acompanhamento nutricional<\/li>\n<li>Descontos de at\u00e9 50% nos parques<\/li>\n<li>Aux\u00edlio creche<\/li>\n<li>Acompanhamento psicol\u00f3gico<\/li>\n<li>Eventos e comemora\u00e7\u00f5es abertos \u00e0 fam\u00edlia<\/li>\n<li>Sala de acolhimento<\/li>\n<li>Sala de descanso<\/li>\n<li>Desconto em farm\u00e1cias<\/li>\n<li>Aux\u00edlio funer\u00e1rio<\/li>\n<li>Seguro de vida<\/li>\n<li>Plano odontol\u00f3gico<\/li>\n<li>Plano de sa\u00fade<\/li>\n<li>Estacionamento<\/li>\n<li>Wellhub\/Gympass<\/li>\n<li>Aux\u00edlio combust\u00edvel<\/li>\n<li>Vale-alimenta\u00e7\u00e3o<\/li>\n<li>Vale-refei\u00e7\u00e3o<\/li>\n<li>Vale-transporte<\/li>\n<li>Massoterapia<\/li>\n<li>Sala de amamenta\u00e7\u00e3o<\/li>\n<\/ul>\n","protected":false},"excerpt":{"rendered":"<p>Ao se juntar ao Grupo Cataratas, voc\u00ea far\u00e1 parte de uma empresa que tem em seu DNA a sustentabilidade, a diversidade e a inova\u00e7\u00e3o, e que se esfor\u00e7a para deixar um legado duradouro de impacto positivo no mundo. Aqui n\u00e3o nos limitamos a simplesmente oferecer um emprego, mas sim a proporcionar uma experi\u00eancia significativa e [&hellip;]<\/p>\n","protected":false},"author":1,"featured_media":0,"comment_status":"open","ping_status":"open","sticky":false,"template":"","format":"standard","meta":{"footnotes":""},"categories":[21],"tags":[],"class_list":["post-2960","post","type-post","status-publish","format-standard","hentry","category-rio-de-janeiro-rj"],"_links":{"self":[{"href":"https:\/\/vagas.portalemprego.com.br\/index.php?rest_route=\/wp\/v2\/posts\/2960","targetHints":{"allow":["GET"]}}],"collection":[{"href":"https:\/\/vagas.portalemprego.com.br\/index.php?rest_route=\/wp\/v2\/posts"}],"about":[{"href":"https:\/\/vagas.portalemprego.com.br\/index.php?rest_route=\/wp\/v2\/types\/post"}],"author":[{"embeddable":true,"href":"https:\/\/vagas.portalemprego.com.br\/index.php?rest_route=\/wp\/v2\/users\/1"}],"replies":[{"embeddable":true,"href":"https:\/\/vagas.portalemprego.com.br\/index.php?rest_route=%2Fwp%2Fv2%2Fcomments&post=2960"}],"version-history":[{"count":0,"href":"https:\/\/vagas.portalemprego.com.br\/index.php?rest_route=\/wp\/v2\/posts\/2960\/revisions"}],"wp:attachment":[{"href":"https:\/\/vagas.portalemprego.com.br\/index.php?rest_route=%2Fwp%2Fv2%2Fmedia&parent=2960"}],"wp:term":[{"taxonomy":"category","embeddable":true,"href":"https:\/\/vagas.portalemprego.com.br\/index.php?rest_route=%2Fwp%2Fv2%2Fcategories&post=2960"},{"taxonomy":"post_tag","embeddable":true,"href":"https:\/\/vagas.portalemprego.com.br\/index.php?rest_route=%2Fwp%2Fv2%2Ftags&post=2960"}],"curies":[{"name":"wp","href":"https:\/\/api.w.org\/{rel}","templated":true}]}}