{"id":2967,"date":"2026-04-29T06:29:29","date_gmt":"2026-04-29T09:29:29","guid":{"rendered":"https:\/\/vagas.portalemprego.com.br\/?p=2967"},"modified":"2026-04-29T06:29:29","modified_gmt":"2026-04-29T09:29:29","slug":"assistente-de-midias-sociais-comercial-vendas-rio-de-janeiro","status":"publish","type":"post","link":"https:\/\/vagas.portalemprego.com.br\/?p=2967","title":{"rendered":"ASSISTENTE DE MIDIAS SOCIAIS &#8211; Comercial, Vendas &#8211; Rio de Janeiro"},"content":{"rendered":"<p>PRINCIPAIS\u00a0RESPONSABILIDADES:<br \/>\n&#8211;\u00a0Estar\u00e1\u00a0respons\u00e1vel\u00a0pelo\u00a0atendimento\u00a0ao\u00a0cliente\u00a0nas\u00a0redes\u00a0sociais\u00a0\u2013\u00a0Instagram\u00a0e\u00a0WhatsApp;<br \/>\n&#8211;\u00a0Responder\u00a0com\u00a0aten\u00e7\u00e3o\u00a0e\u00a0agilidade\u00a0todos\u00a0os\u00a0coment\u00e1rios,\u00a0directs\u00a0e\u00a0mensagens\u00a0nas\u00a0redes\u00a0sociais.<br \/>\n&#8211;\u00a0Atuar\u00a0com\u00a0atendimento\u00a0digital\u00a0ativo\u00a0e\u00a0receptivo,\u00a0tirando\u00a0d\u00favidas,\u00a0passando\u00a0valores\u00a0e\u00a0convertendo\u00a0em\u00a0vendas.<br \/>\n&#8211;\u00a0Respons\u00e1vel\u00a0em\u00a0visitar\u00a0presencialmente\u00a0a\u00a0loja\u00a01x\u00a0por\u00a0semana,\u00a0para\u00a0integra\u00e7\u00e3o\u00a0de\u00a0toda\u00a0a\u00a0cole\u00e7\u00e3o,\u00a0valores\u00a0etc<br \/>\nEstar\u00e1\u00a0alinhando\u00a0diariamente\u00a0com\u00a0a\u00a0equipe\u00a0de\u00a0loja\u00a0e\u00a0comunica\u00e7\u00e3o\u00a0sobre\u00a0lan\u00e7amentos,\u00a0novidades\u00a0e\u00a0d\u00favidas\u00a0frequentes.<br \/>\nREQUISITOS:<br \/>\n.\u00a0Sexo:\u00a0Feminino<br \/>\n&#8211;\u00a0Ensino\u00a0Superior\u00a0\u2013\u00a0Administra\u00e7\u00e3o,\u00a0Marketing\u00a0Digital\u00a0\u2013\u00a0Designer\u00a0de\u00a0Moda<br \/>\n&#8211;\u00a0Experi\u00eancia\u00a0em\u00a0atendimento\u00a0virtual\u00a0ao\u00a0cliente\u00a0e\u00a0vendas,\u00a0especialmente\u00a0via\u00a0redes\u00a0sociais, SAC;<br \/>\n&#8211;\u00a0Indispens\u00e1vel\u00a0boa\u00a0escrita\u00a0e\u00a0comunica\u00e7\u00e3o\u00a0estrat\u00e9gica;<br \/>\n&#8211;\u00a0Organiza\u00e7\u00e3o,\u00a0responsabilidade\u00a0e\u00a0senso\u00a0de\u00a0urg\u00eancia;<br \/>\n&#8211;\u00a0Disponibilidade\u00a0para\u00a0trabalho\u00a0h\u00edbrido\u00a0(home\u00a0office\u00a0+\u00a0visita\u00a0semanal\u00a0a\u00a0loja)<br \/>\n\u00a0Ser\u00e1\u00a0um\u00a0diferencial\u00a0com\u00a0experi\u00eancia\u00a0com\u00a0moda\u00a0ou\u00a0freestyle e j\u00e1\u00a0ter\u00a0trabalhado\u00a0com\u00a0marcas\u00a0no\u00a0Instagram\u00a0ou\u00a0WhatsApp\u00a0Business\u00a0e\u00a0facilidade\u00a0em\u00a0sugerir\u00a0melhorias\u00a0no\u00a0atendimento\u00a0e\u00a0na\u00a0experi\u00eancia\u00a0digital.<br \/>\nSegunda\u00a0a\u00a0sexta,\u00a0das\u00a009h\u00a0\u00e0s\u00a018h\u00a0\u2013\u00a0Trabalho\u00a0Hibrido<br \/>\nFAIXA\u00a0SALARIAL:<br \/>\nR$\u00a01.800\u00a0a\u00a0R$\u00a02.200\u00a0(Aut\u00f4nomo\u00a0&#8211;\u00a0PJ)\u00a0+\u00a0possibilidade\u00a0de\u00a0comiss\u00f5es\u00a0conforme\u00a0metas\u00a0de\u00a0convers\u00e3o.<br \/>\nEncaminhar\u00a0o\u00a0CV\u00a0com\u00a0foto,\u00a0com\u00a0informa\u00e7\u00f5es\u00a0correta\u00a0de\u00a0E-mail\u00a0e\u00a0WhatsApp\u00a0para\u00a0o\u00a0primeiro\u00a0contato<\/p>\n<ul>\n<li>Local de trabalho: Rio de Janeiro, RJ<\/li>\n<li>Regime de contrata\u00e7\u00e3o de tipo: Prestador de Servi\u00e7os (PJ)<\/li>\n<li>Jornada: Per\u00edodo Integral<\/li>\n<li>\u00c1rea e especializa\u00e7\u00e3o profissional: Comercial, Vendas &#8211; Lojas \/ Shopping<\/li>\n<li>N\u00edvel hier\u00e1rquico: Assistente<\/li>\n<\/ul>\n<p>VALORIZADO<\/p>\n<p>Tempo de experi\u00eancia: Entre 1 e 3 anos<\/p>\n<p>Escolaridade M\u00ednima: Ensino Superior<\/p>\n<p>Sal\u00e1rio: 2200,0<\/p>\n","protected":false},"excerpt":{"rendered":"<p>PRINCIPAIS\u00a0RESPONSABILIDADES: &#8211;\u00a0Estar\u00e1\u00a0respons\u00e1vel\u00a0pelo\u00a0atendimento\u00a0ao\u00a0cliente\u00a0nas\u00a0redes\u00a0sociais\u00a0\u2013\u00a0Instagram\u00a0e\u00a0WhatsApp; &#8211;\u00a0Responder\u00a0com\u00a0aten\u00e7\u00e3o\u00a0e\u00a0agilidade\u00a0todos\u00a0os\u00a0coment\u00e1rios,\u00a0directs\u00a0e\u00a0mensagens\u00a0nas\u00a0redes\u00a0sociais. &#8211;\u00a0Atuar\u00a0com\u00a0atendimento\u00a0digital\u00a0ativo\u00a0e\u00a0receptivo,\u00a0tirando\u00a0d\u00favidas,\u00a0passando\u00a0valores\u00a0e\u00a0convertendo\u00a0em\u00a0vendas. &#8211;\u00a0Respons\u00e1vel\u00a0em\u00a0visitar\u00a0presencialmente\u00a0a\u00a0loja\u00a01x\u00a0por\u00a0semana,\u00a0para\u00a0integra\u00e7\u00e3o\u00a0de\u00a0toda\u00a0a\u00a0cole\u00e7\u00e3o,\u00a0valores\u00a0etc Estar\u00e1\u00a0alinhando\u00a0diariamente\u00a0com\u00a0a\u00a0equipe\u00a0de\u00a0loja\u00a0e\u00a0comunica\u00e7\u00e3o\u00a0sobre\u00a0lan\u00e7amentos,\u00a0novidades\u00a0e\u00a0d\u00favidas\u00a0frequentes. REQUISITOS: .\u00a0Sexo:\u00a0Feminino &#8211;\u00a0Ensino\u00a0Superior\u00a0\u2013\u00a0Administra\u00e7\u00e3o,\u00a0Marketing\u00a0Digital\u00a0\u2013\u00a0Designer\u00a0de\u00a0Moda &#8211;\u00a0Experi\u00eancia\u00a0em\u00a0atendimento\u00a0virtual\u00a0ao\u00a0cliente\u00a0e\u00a0vendas,\u00a0especialmente\u00a0via\u00a0redes\u00a0sociais, SAC; &#8211;\u00a0Indispens\u00e1vel\u00a0boa\u00a0escrita\u00a0e\u00a0comunica\u00e7\u00e3o\u00a0estrat\u00e9gica; &#8211;\u00a0Organiza\u00e7\u00e3o,\u00a0responsabilidade\u00a0e\u00a0senso\u00a0de\u00a0urg\u00eancia; &#8211;\u00a0Disponibilidade\u00a0para\u00a0trabalho\u00a0h\u00edbrido\u00a0(home\u00a0office\u00a0+\u00a0visita\u00a0semanal\u00a0a\u00a0loja) \u00a0Ser\u00e1\u00a0um\u00a0diferencial\u00a0com\u00a0experi\u00eancia\u00a0com\u00a0moda\u00a0ou\u00a0freestyle e j\u00e1\u00a0ter\u00a0trabalhado\u00a0com\u00a0marcas\u00a0no\u00a0Instagram\u00a0ou\u00a0WhatsApp\u00a0Business\u00a0e\u00a0facilidade\u00a0em\u00a0sugerir\u00a0melhorias\u00a0no\u00a0atendimento\u00a0e\u00a0na\u00a0experi\u00eancia\u00a0digital. Segunda\u00a0a\u00a0sexta,\u00a0das\u00a009h\u00a0\u00e0s\u00a018h\u00a0\u2013\u00a0Trabalho\u00a0Hibrido FAIXA\u00a0SALARIAL: R$\u00a01.800\u00a0a\u00a0R$\u00a02.200\u00a0(Aut\u00f4nomo\u00a0&#8211;\u00a0PJ)\u00a0+\u00a0possibilidade\u00a0de\u00a0comiss\u00f5es\u00a0conforme\u00a0metas\u00a0de\u00a0convers\u00e3o. Encaminhar\u00a0o\u00a0CV\u00a0com\u00a0foto,\u00a0com\u00a0informa\u00e7\u00f5es\u00a0correta\u00a0de\u00a0E-mail\u00a0e\u00a0WhatsApp\u00a0para\u00a0o\u00a0primeiro\u00a0contato Local de trabalho: Rio de Janeiro, RJ Regime de contrata\u00e7\u00e3o de tipo: Prestador de Servi\u00e7os (PJ) Jornada: Per\u00edodo Integral \u00c1rea e especializa\u00e7\u00e3o profissional: Comercial, Vendas &#8211; Lojas \/ Shopping N\u00edvel hier\u00e1rquico: Assistente VALORIZADO Tempo [&hellip;]<\/p>\n","protected":false},"author":1,"featured_media":0,"comment_status":"open","ping_status":"open","sticky":false,"template":"","format":"standard","meta":{"footnotes":""},"categories":[21],"tags":[],"class_list":["post-2967","post","type-post","status-publish","format-standard","hentry","category-rio-de-janeiro-rj"],"_links":{"self":[{"href":"https:\/\/vagas.portalemprego.com.br\/index.php?rest_route=\/wp\/v2\/posts\/2967","targetHints":{"allow":["GET"]}}],"collection":[{"href":"https:\/\/vagas.portalemprego.com.br\/index.php?rest_route=\/wp\/v2\/posts"}],"about":[{"href":"https:\/\/vagas.portalemprego.com.br\/index.php?rest_route=\/wp\/v2\/types\/post"}],"author":[{"embeddable":true,"href":"https:\/\/vagas.portalemprego.com.br\/index.php?rest_route=\/wp\/v2\/users\/1"}],"replies":[{"embeddable":true,"href":"https:\/\/vagas.portalemprego.com.br\/index.php?rest_route=%2Fwp%2Fv2%2Fcomments&post=2967"}],"version-history":[{"count":0,"href":"https:\/\/vagas.portalemprego.com.br\/index.php?rest_route=\/wp\/v2\/posts\/2967\/revisions"}],"wp:attachment":[{"href":"https:\/\/vagas.portalemprego.com.br\/index.php?rest_route=%2Fwp%2Fv2%2Fmedia&parent=2967"}],"wp:term":[{"taxonomy":"category","embeddable":true,"href":"https:\/\/vagas.portalemprego.com.br\/index.php?rest_route=%2Fwp%2Fv2%2Fcategories&post=2967"},{"taxonomy":"post_tag","embeddable":true,"href":"https:\/\/vagas.portalemprego.com.br\/index.php?rest_route=%2Fwp%2Fv2%2Ftags&post=2967"}],"curies":[{"name":"wp","href":"https:\/\/api.w.org\/{rel}","templated":true}]}}