{"id":2973,"date":"2026-04-29T06:29:29","date_gmt":"2026-04-29T09:29:29","guid":{"rendered":"https:\/\/vagas.portalemprego.com.br\/?p=2973"},"modified":"2026-04-29T06:29:29","modified_gmt":"2026-04-29T09:29:29","slug":"fonoaudiologo-aba-saude-niteroi","status":"publish","type":"post","link":"https:\/\/vagas.portalemprego.com.br\/?p=2973","title":{"rendered":"Fonoaudi\u00f3logo (ABA) &#8211; Sa\u00fade &#8211; Niter\u00f3i"},"content":{"rendered":"<p>Estamos buscando um Fonoaudi\u00f3logo (ABA) para atuar em nossa equipe. O cargo oferece a chance de contribuir com o desenvolvimento de indiv\u00edduos por meio de interven\u00e7\u00f5es baseadas em t\u00e9cnicas de An\u00e1lise do Comportamento Aplicado.<br \/>\nEste profissional ser\u00e1 respons\u00e1vel por planejar e realizar programas de terapia, acompanhar progressos e ajustar estrat\u00e9gias de interven\u00e7\u00e3o conforme necess\u00e1rio, realizar avalia\u00e7\u00f5es e diagn\u00f3sticos de comportamento, al\u00e9m de colaborar com outras equipes multidisciplinares para planejar e implementar interven\u00e7\u00f5es.<br \/>\nRequisitos\u00a0obrigat\u00f3rios:<br \/>\nGradua\u00e7\u00e3o\u00a0em\u00a0Fonoaudiologia\u00a0(CRFa\u00a0ativo)<br \/>\nExperi\u00eancia\u00a0consistente\u00a0com\u00a0TEA\u00a0e\u00a0linguagem\u00a0infantil<br \/>\nCapacidade\u00a0de\u00a0avalia\u00e7\u00e3o\u00a0e\u00a0interven\u00e7\u00e3o\u00a0em\u00a0comunica\u00e7\u00e3o\u00a0verbal\u00a0e\u00a0n\u00e3o\u00a0verbal<br \/>\nElabora\u00e7\u00e3o\u00a0de\u00a0planejamento\u00a0terap\u00eautico\u00a0estruturado<br \/>\nForma\u00e7\u00e3o\u00a0em\u00a0ABA<br \/>\nCertifica\u00e7\u00e3o\u00a0ou\u00a0pr\u00e1tica\u00a0com\u00a0PECS<br \/>\nConhecimento\u00a0em\u00a0Comunica\u00e7\u00e3o\u00a0Alternativa\u00a0e\u00a0Aumentativa\u00a0(CAA)<br \/>\nExperi\u00eancia\u00a0com\u00a0transtornos\u00a0do\u00a0neurodesenvolvimento<br \/>\nO\u00a0que\u00a0esperamos\u00a0deste\u00a0profissional:<br \/>\nClareza\u00a0t\u00e9cnica\u00a0e\u00a0seguran\u00e7a\u00a0na\u00a0condu\u00e7\u00e3o\u00a0dos\u00a0casos<br \/>\nComunica\u00e7\u00e3o\u00a0qualificada\u00a0com\u00a0familiares<br \/>\nPostura\u00a0profissional,\u00a0\u00e9tica\u00a0e\u00a0orientada\u00a0a\u00a0resultados\u00a0cl\u00ednicos<br \/>\nCompromisso\u00a0com\u00a0evolu\u00e7\u00e3o\u00a0real\u00a0do\u00a0paciente<br \/>\nBuscamos\u00a0profissionais\u00a0que\u00a0v\u00e3o\u00a0al\u00e9m\u00a0do\u00a0atendimento:\u00a0que\u00a0constroem\u00a0resultado\u00a0terap\u00eautico.<\/p>\n<ul>\n<li>Local de trabalho: Niter\u00f3i, RJ<\/li>\n<li>Regime de contrata\u00e7\u00e3o de tipo: Prestador de Servi\u00e7os (PJ)<\/li>\n<li>Jornada: Per\u00edodo Integral<\/li>\n<li>\u00c1rea e especializa\u00e7\u00e3o profissional: Sa\u00fade &#8211; Fonoaudiologia<\/li>\n<li>N\u00edvel hier\u00e1rquico: Especialista<\/li>\n<\/ul>\n<p>VALORIZADO<\/p>\n<p>Tempo de experi\u00eancia: Entre 1 e 3 anos<\/p>\n<p>HABILIDADES<\/p>\n<ul>\n<li>Terapia da linguagem<\/li>\n<li>Experi\u00eancia\u00a0com pacientes\u00a0com\u00a0TEA<\/li>\n<li>Forma\u00e7\u00e3o\u00a0em\u00a0ABA<\/li>\n<li>PECS<\/li>\n<li>Transtornos\u00a0do\u00a0neurodesenvolvimento<\/li>\n<li>Comunica\u00e7\u00e3o\u00a0Alternativa\u00a0e\u00a0Aumentativa<\/li>\n<\/ul>\n<p>Escolaridade M\u00ednima: Ensino Superior<\/p>\n","protected":false},"excerpt":{"rendered":"<p>Estamos buscando um Fonoaudi\u00f3logo (ABA) para atuar em nossa equipe. O cargo oferece a chance de contribuir com o desenvolvimento de indiv\u00edduos por meio de interven\u00e7\u00f5es baseadas em t\u00e9cnicas de An\u00e1lise do Comportamento Aplicado. Este profissional ser\u00e1 respons\u00e1vel por planejar e realizar programas de terapia, acompanhar progressos e ajustar estrat\u00e9gias de interven\u00e7\u00e3o conforme necess\u00e1rio, realizar [&hellip;]<\/p>\n","protected":false},"author":1,"featured_media":0,"comment_status":"open","ping_status":"open","sticky":false,"template":"","format":"standard","meta":{"footnotes":""},"categories":[21],"tags":[],"class_list":["post-2973","post","type-post","status-publish","format-standard","hentry","category-rio-de-janeiro-rj"],"_links":{"self":[{"href":"https:\/\/vagas.portalemprego.com.br\/index.php?rest_route=\/wp\/v2\/posts\/2973","targetHints":{"allow":["GET"]}}],"collection":[{"href":"https:\/\/vagas.portalemprego.com.br\/index.php?rest_route=\/wp\/v2\/posts"}],"about":[{"href":"https:\/\/vagas.portalemprego.com.br\/index.php?rest_route=\/wp\/v2\/types\/post"}],"author":[{"embeddable":true,"href":"https:\/\/vagas.portalemprego.com.br\/index.php?rest_route=\/wp\/v2\/users\/1"}],"replies":[{"embeddable":true,"href":"https:\/\/vagas.portalemprego.com.br\/index.php?rest_route=%2Fwp%2Fv2%2Fcomments&post=2973"}],"version-history":[{"count":0,"href":"https:\/\/vagas.portalemprego.com.br\/index.php?rest_route=\/wp\/v2\/posts\/2973\/revisions"}],"wp:attachment":[{"href":"https:\/\/vagas.portalemprego.com.br\/index.php?rest_route=%2Fwp%2Fv2%2Fmedia&parent=2973"}],"wp:term":[{"taxonomy":"category","embeddable":true,"href":"https:\/\/vagas.portalemprego.com.br\/index.php?rest_route=%2Fwp%2Fv2%2Fcategories&post=2973"},{"taxonomy":"post_tag","embeddable":true,"href":"https:\/\/vagas.portalemprego.com.br\/index.php?rest_route=%2Fwp%2Fv2%2Ftags&post=2973"}],"curies":[{"name":"wp","href":"https:\/\/api.w.org\/{rel}","templated":true}]}}