{"id":2975,"date":"2026-04-29T06:29:29","date_gmt":"2026-04-29T09:29:29","guid":{"rendered":"https:\/\/vagas.portalemprego.com.br\/?p=2975"},"modified":"2026-04-29T06:29:29","modified_gmt":"2026-04-29T09:29:29","slug":"coordenador-de-trade-marketing-marketing-rio-de-janeiro","status":"publish","type":"post","link":"https:\/\/vagas.portalemprego.com.br\/?p=2975","title":{"rendered":"Coordenador de Trade Marketing &#8211; Marketing &#8211; Rio de Janeiro"},"content":{"rendered":"<p>Vaga: Coordenador de Trade Marketing | RJ e ES<br \/>\nLocal: Barra da Tijuca \u2013 Rio de Janeiro (presencial + campo)<br \/>\nNecess\u00e1rio ve\u00edculo pr\u00f3prio<br \/>\nAtua\u00e7\u00e3o: Rio de Janeiro e Esp\u00edrito Santo<br \/>\nSobre a oportunidade:<br \/>\nBuscamos um(a) Coordenador(a) de Trade Marketing com forte experi\u00eancia em gest\u00e3o de grandes opera\u00e7\u00f5es, para liderar uma estrutura robusta de campo e garantir excel\u00eancia na execu\u00e7\u00e3o no ponto de venda.<br \/>\nEssa posi\u00e7\u00e3o exige alto n\u00edvel de lideran\u00e7a, vis\u00e3o estrat\u00e9gica, senso de urg\u00eancia e tomada de decis\u00e3o r\u00e1pida, atuando diretamente na performance da opera\u00e7\u00e3o e no relacionamento com o cliente.<\/p>\n<p>Principais responsabilidades:<br \/>\nGest\u00e3o completa da opera\u00e7\u00e3o de Trade Marketing na regional RJ\/ES<br \/>\nLideran\u00e7a e desenvolvimento de supervisores e equipes de campo<br \/>\nAn\u00e1lise de m\u00e9tricas e indicadores de performance atrav\u00e9s das plataformas DmPeople, Asmob e Solides<br \/>\nAcompanhamento de KPIs, produtividade e qualidade da execu\u00e7\u00e3o no PDV<br \/>\nAn\u00e1lise cr\u00edtica e ajustes da sistem\u00e1tica operacional visando ganho de efici\u00eancia<br \/>\nControle de estoque de materiais, EPIs, uniformes e telefonia<br \/>\nParticipa\u00e7\u00e3o ativa no processo de Recrutamento &amp; Sele\u00e7\u00e3o, em parceria com o time de R&amp;S<br \/>\nCondu\u00e7\u00e3o de reuni\u00f5es semanais com lideran\u00e7as para an\u00e1lise de resultados e defini\u00e7\u00e3o de planos de a\u00e7\u00e3o<br \/>\nApresenta\u00e7\u00e3o de resultados mensais ao cliente, garantindo alinhamento estrat\u00e9gico e transpar\u00eancia<br \/>\nRealiza\u00e7\u00e3o de integra\u00e7\u00f5es para novos colaboradores (cultura, processos, seguran\u00e7a e opera\u00e7\u00e3o)<br \/>\nVisitas frequentes ao campo para acompanhamento da equipe, identifica\u00e7\u00e3o de oportunidades e corre\u00e7\u00e3o de desvios<br \/>\nImplementa\u00e7\u00e3o e gest\u00e3o da avalia\u00e7\u00e3o 360\u00b0<br \/>\nPlanejamento e gest\u00e3o da programa\u00e7\u00e3o de f\u00e9rias da equipe<br \/>\nRequisitos:<br \/>\nExperi\u00eancia s\u00f3lida em Trade Marketing, Merchandising ou gest\u00e3o de grandes equipes externas<br \/>\nViv\u00eancia com gest\u00e3o de opera\u00e7\u00f5es com alto volume de colaboradores<br \/>\nForte habilidade anal\u00edtica e tomada de decis\u00e3o baseada em dados<br \/>\nExcel avan\u00e7ado (dashboards, PROCV\/X, tabela din\u00e2mica)<br \/>\nDisponibilidade para viagens constantes (RJ e ES)<br \/>\nPerfil resiliente, din\u00e2mico e com alta capacidade de atua\u00e7\u00e3o sob press\u00e3o<br \/>\nDiferenciais:<br \/>\nExperi\u00eancia com ferramentas como DmPeople, Asmob e Solides<br \/>\nViv\u00eancia com grandes contas e atendimento ao cliente<br \/>\nExperi\u00eancia em estrutura\u00e7\u00e3o ou reestrutura\u00e7\u00e3o de opera\u00e7\u00f5es<\/p>\n<p>Perfil que buscamos:<br \/>\nUm profissional com perfil estrat\u00e9gico e operacional, que saiba transitar entre an\u00e1lise de dados e atua\u00e7\u00e3o em campo, com forte capacidade de lideran\u00e7a, organiza\u00e7\u00e3o e foco em resultados.<\/p>\n<ul>\n<li>Local de trabalho: Rio de Janeiro, RJ<\/li>\n<li>Regime de contrata\u00e7\u00e3o de tipo: Efetivo \u2013 CLT<\/li>\n<li>Jornada: Per\u00edodo Integral<\/li>\n<li>\u00c1rea e especializa\u00e7\u00e3o profissional: Marketing &#8211; Marketing<\/li>\n<li>N\u00edvel hier\u00e1rquico: Coordenador<\/li>\n<\/ul>\n<p>VALORIZADO<\/p>\n<p>Tempo de experi\u00eancia: Entre 1 e 3 anos<\/p>\n<p>HABILIDADES<\/p>\n<ul>\n<li>Marketing<\/li>\n<li>Estrat\u00e9gias de marketing<\/li>\n<li>Posicionamento de marca<\/li>\n<li>Capacidade de coordena\u00e7\u00e3o<\/li>\n<li>An\u00e1lise de dados<\/li>\n<li>Desenvolvimento de pessoal<\/li>\n<li>Lideran\u00e7a<\/li>\n<li>Atividades de integra\u00e7\u00e3o de equipe<\/li>\n<li>Atua\u00e7\u00e3o<\/li>\n<li>Gest\u00e3o de equipes<\/li>\n<\/ul>\n<p>Escolaridade M\u00ednima: Ensino Superior<\/p>\n<p>Habilita\u00e7\u00e3o para dirigir: B<\/p>\n<p>Ve\u00edculo pr\u00f3prio<\/p>\n<p>Disponibilidade para viajar<\/p>\n<p>Sal\u00e1rio: 5000,0<\/p>\n","protected":false},"excerpt":{"rendered":"<p>Vaga: Coordenador de Trade Marketing | RJ e ES Local: Barra da Tijuca \u2013 Rio de Janeiro (presencial + campo) Necess\u00e1rio ve\u00edculo pr\u00f3prio Atua\u00e7\u00e3o: Rio de Janeiro e Esp\u00edrito Santo Sobre a oportunidade: Buscamos um(a) Coordenador(a) de Trade Marketing com forte experi\u00eancia em gest\u00e3o de grandes opera\u00e7\u00f5es, para liderar uma estrutura robusta de campo e [&hellip;]<\/p>\n","protected":false},"author":1,"featured_media":0,"comment_status":"open","ping_status":"open","sticky":false,"template":"","format":"standard","meta":{"footnotes":""},"categories":[21],"tags":[],"class_list":["post-2975","post","type-post","status-publish","format-standard","hentry","category-rio-de-janeiro-rj"],"_links":{"self":[{"href":"https:\/\/vagas.portalemprego.com.br\/index.php?rest_route=\/wp\/v2\/posts\/2975","targetHints":{"allow":["GET"]}}],"collection":[{"href":"https:\/\/vagas.portalemprego.com.br\/index.php?rest_route=\/wp\/v2\/posts"}],"about":[{"href":"https:\/\/vagas.portalemprego.com.br\/index.php?rest_route=\/wp\/v2\/types\/post"}],"author":[{"embeddable":true,"href":"https:\/\/vagas.portalemprego.com.br\/index.php?rest_route=\/wp\/v2\/users\/1"}],"replies":[{"embeddable":true,"href":"https:\/\/vagas.portalemprego.com.br\/index.php?rest_route=%2Fwp%2Fv2%2Fcomments&post=2975"}],"version-history":[{"count":0,"href":"https:\/\/vagas.portalemprego.com.br\/index.php?rest_route=\/wp\/v2\/posts\/2975\/revisions"}],"wp:attachment":[{"href":"https:\/\/vagas.portalemprego.com.br\/index.php?rest_route=%2Fwp%2Fv2%2Fmedia&parent=2975"}],"wp:term":[{"taxonomy":"category","embeddable":true,"href":"https:\/\/vagas.portalemprego.com.br\/index.php?rest_route=%2Fwp%2Fv2%2Fcategories&post=2975"},{"taxonomy":"post_tag","embeddable":true,"href":"https:\/\/vagas.portalemprego.com.br\/index.php?rest_route=%2Fwp%2Fv2%2Ftags&post=2975"}],"curies":[{"name":"wp","href":"https:\/\/api.w.org\/{rel}","templated":true}]}}