{"id":2979,"date":"2026-04-29T06:29:29","date_gmt":"2026-04-29T09:29:29","guid":{"rendered":"https:\/\/vagas.portalemprego.com.br\/?p=2979"},"modified":"2026-04-29T06:29:29","modified_gmt":"2026-04-29T09:29:29","slug":"estagiario-de-ti-informatica-ti-telecomunicacoes-rio-de-janeiro","status":"publish","type":"post","link":"https:\/\/vagas.portalemprego.com.br\/?p=2979","title":{"rendered":"Estagi\u00e1rio de TI &#8211; Inform\u00e1tica, TI, Telecomunica\u00e7\u00f5es &#8211; Rio de Janeiro"},"content":{"rendered":"<p>O Grupo Seres seleciona profissional para atuar como Estagi\u00e1rio de Infraestrutura de TI, para atua\u00e7\u00e3o interna na \u00e1rea de tecnologia da empresa.<br \/>\nA posi\u00e7\u00e3o tem como objetivo apoiar o time nas rotinas de suporte t\u00e9cnico, com foco em atendimento de chamados e suporte aos usu\u00e1rios, proporcionando aprendizado pr\u00e1tico e desenvolvimento na \u00e1rea de infraestrutura.<br \/>\nAtividades<br \/>\nAtendimento de chamados de suporte t\u00e9cnico (n\u00edvel N1)<br \/>\nApoio na configura\u00e7\u00e3o de sistemas e equipamentos<br \/>\nSuporte a usu\u00e1rios (acessos, e-mails e ferramentas internas)<br \/>\nApoio no monitoramento de sistemas e infraestrutura<br \/>\nInstala\u00e7\u00e3o de programas e suporte b\u00e1sico em m\u00e1quinas<br \/>\nApoio geral \u00e0s rotinas da \u00e1rea de TI<br \/>\nPossibilidade de desenvolvimento para atividades de n\u00edvel N2 conforme evolu\u00e7\u00e3o.<br \/>\nRequisitos<br \/>\nForma\u00e7\u00e3o<br \/>\nCursando gradua\u00e7\u00e3o na \u00e1rea de TI<br \/>\nEntre o 2\u00ba e 5\u00ba semestre<br \/>\nTamb\u00e9m ser\u00e3o considerados candidatos com ensino m\u00e9dio t\u00e9cnico na \u00e1rea<br \/>\nConhecimentos t\u00e9cnicos<br \/>\nNo\u00e7\u00f5es de sistemas operacionais (Windows e\/ou Linux)<br \/>\nConceitos b\u00e1sicos de redes (IP, DNS, DHCP)<br \/>\nPacote Office \/ Microsoft 365 (Outlook, Teams)<br \/>\nN\u00e3o \u00e9 necess\u00e1rio experi\u00eancia pr\u00e9via, mas ser\u00e1 considerado diferencial ter viv\u00eancia pr\u00e1tica (acad\u00eamica ou pessoal).<br \/>\nPerfil comportamental<br \/>\nInteresse em tecnologia<br \/>\nVontade de aprender<br \/>\nBoa comunica\u00e7\u00e3o<br \/>\nOrganiza\u00e7\u00e3o<br \/>\nProatividade<br \/>\nFacilidade para resolver problemas<br \/>\nBolsa e benef\u00edcios<br \/>\nBolsa aux\u00edlio: R$ 1.200,00<br \/>\nBenef\u00edcios:<br \/>\nVale transporte<br \/>\nVale refei\u00e7\u00e3o<br \/>\nLocal<br \/>\nCentro do Rio de Janeiro \u2013 RJ<\/p>\n<ul>\n<li>Local de trabalho: Rio de Janeiro, RJ<\/li>\n<li>Regime de contrata\u00e7\u00e3o de tipo: Est\u00e1gio<\/li>\n<li>Jornada: Per\u00edodo Integral<\/li>\n<li>\u00c1rea e especializa\u00e7\u00e3o profissional: Inform\u00e1tica, TI, Telecomunica\u00e7\u00f5es &#8211; TI<\/li>\n<li>N\u00edvel hier\u00e1rquico: Estagi\u00e1rio<\/li>\n<\/ul>\n<p>VALORIZADO<\/p>\n<p>Tempo de experi\u00eancia: Menos de 1 ano<\/p>\n<p>Escolaridade M\u00ednima: Ensino Superior<\/p>\n<ul>\n<li>Vale-alimenta\u00e7\u00e3o<\/li>\n<li>Vale-transporte<\/li>\n<\/ul>\n<p>Sal\u00e1rio: 1200,0<\/p>\n","protected":false},"excerpt":{"rendered":"<p>O Grupo Seres seleciona profissional para atuar como Estagi\u00e1rio de Infraestrutura de TI, para atua\u00e7\u00e3o interna na \u00e1rea de tecnologia da empresa. A posi\u00e7\u00e3o tem como objetivo apoiar o time nas rotinas de suporte t\u00e9cnico, com foco em atendimento de chamados e suporte aos usu\u00e1rios, proporcionando aprendizado pr\u00e1tico e desenvolvimento na \u00e1rea de infraestrutura. Atividades [&hellip;]<\/p>\n","protected":false},"author":1,"featured_media":0,"comment_status":"open","ping_status":"open","sticky":false,"template":"","format":"standard","meta":{"footnotes":""},"categories":[21],"tags":[],"class_list":["post-2979","post","type-post","status-publish","format-standard","hentry","category-rio-de-janeiro-rj"],"_links":{"self":[{"href":"https:\/\/vagas.portalemprego.com.br\/index.php?rest_route=\/wp\/v2\/posts\/2979","targetHints":{"allow":["GET"]}}],"collection":[{"href":"https:\/\/vagas.portalemprego.com.br\/index.php?rest_route=\/wp\/v2\/posts"}],"about":[{"href":"https:\/\/vagas.portalemprego.com.br\/index.php?rest_route=\/wp\/v2\/types\/post"}],"author":[{"embeddable":true,"href":"https:\/\/vagas.portalemprego.com.br\/index.php?rest_route=\/wp\/v2\/users\/1"}],"replies":[{"embeddable":true,"href":"https:\/\/vagas.portalemprego.com.br\/index.php?rest_route=%2Fwp%2Fv2%2Fcomments&post=2979"}],"version-history":[{"count":0,"href":"https:\/\/vagas.portalemprego.com.br\/index.php?rest_route=\/wp\/v2\/posts\/2979\/revisions"}],"wp:attachment":[{"href":"https:\/\/vagas.portalemprego.com.br\/index.php?rest_route=%2Fwp%2Fv2%2Fmedia&parent=2979"}],"wp:term":[{"taxonomy":"category","embeddable":true,"href":"https:\/\/vagas.portalemprego.com.br\/index.php?rest_route=%2Fwp%2Fv2%2Fcategories&post=2979"},{"taxonomy":"post_tag","embeddable":true,"href":"https:\/\/vagas.portalemprego.com.br\/index.php?rest_route=%2Fwp%2Fv2%2Ftags&post=2979"}],"curies":[{"name":"wp","href":"https:\/\/api.w.org\/{rel}","templated":true}]}}