{"id":2982,"date":"2026-04-29T06:29:29","date_gmt":"2026-04-29T09:29:29","guid":{"rendered":"https:\/\/vagas.portalemprego.com.br\/?p=2982"},"modified":"2026-04-29T06:29:29","modified_gmt":"2026-04-29T09:29:29","slug":"auxiliar-de-farmacia-saude-rio-de-janeiro","status":"publish","type":"post","link":"https:\/\/vagas.portalemprego.com.br\/?p=2982","title":{"rendered":"Auxiliar de Farm\u00e1cia &#8211; Sa\u00fade &#8211; Rio de Janeiro"},"content":{"rendered":"<p>D\u00e1 s\u00f3 uma olhada no que esse profissional faz por aqui:<br \/>\n?\tImprimir, separar e baixar os produtos de acordo com as prescri\u00e7\u00f5es liberadas, avaliando o n\u00famero de volumes, registrando no protocolo de entrega de acordo com cronograma de dispensa\u00e7\u00e3o;<br \/>\n?\tManter a organiza\u00e7\u00e3o do estoque, higienizar e organizar prateleiras, armazenar e controlar validade\/temperatura, identificando poss\u00edveis faltas ou perdas;<br \/>\n?\tReceber produtos, lan\u00e7ar Notas Fiscais no sistema, gerar as etiquetas de c\u00f3digo de barras e identificar os produtos;<br \/>\n?\tIdentificar, unitarizar medicamentos e montar kits conforme necessidade da guia de dispensa\u00e7\u00e3o ou demanda do roteiro;<br \/>\n?\tAcompanhar o follow-up das entregas reportando ao Assistente ou Supervisor ou Ger\u00eancia;<br \/>\n?\tIdentificar pend\u00eancias de estoque, informando ao Farmac\u00eautico ou Supervisor;<br \/>\n?\tEfetuar invent\u00e1rio c\u00edclico dos itens;<br \/>\n?\tReceber os itens, conferir a validade\/integridade dos itens devolvidos e realizar fluxo estabelecido de devolu\u00e7\u00e3o;<br \/>\n?\tGarantir o abastecimento das maletas de emerg\u00eancia, conforme solicita\u00e7\u00e3o recebida.<br \/>\n?\tDar suporte as solicita\u00e7\u00f5es dos fornecedores interno e externo, sempre que necess\u00e1rio.<\/p>\n<p>\u00a0Informa\u00e7\u00f5es da vaga:<br \/>\n&#8211; Sal\u00e1rio: R$ 1.627,00<br \/>\n&#8211; Contrato CLT (Efetivo)<br \/>\n&#8211; Hor\u00e1rio:  09:00 \u00c0S 18:27 SEG A SEX + 1 PLANT\u00c3O DAS POR M\u00caS (08:00 \u00c0S 16:00)<\/p>\n<ul>\n<li>Local de trabalho: Rio de Janeiro, RJ<\/li>\n<li>Regime de contrata\u00e7\u00e3o de tipo: Efetivo \u2013 CLT<\/li>\n<li>Jornada: Per\u00edodo Integral<\/li>\n<li>\u00c1rea e especializa\u00e7\u00e3o profissional: Sa\u00fade &#8211; Farm\u00e1cia<\/li>\n<li>N\u00edvel hier\u00e1rquico: Auxiliar<\/li>\n<\/ul>\n<p>Escolaridade M\u00ednima: Ensino M\u00e9dio (2\u00ba Grau)<\/p>\n<ul>\n<li>Vale Transporte<\/li>\n<li>Vale-alimenta\u00e7\u00e3o<\/li>\n<li>Vale-refei\u00e7\u00e3o<\/li>\n<li>Assist\u00eancia m\u00e9dica<\/li>\n<li>Assist\u00eancia odontol\u00f3gica<\/li>\n<li>Conv\u00eanio com farm\u00e1cia<\/li>\n<li>TotalPass<\/li>\n<\/ul>\n<p>Sal\u00e1rio: 1600,0<\/p>\n","protected":false},"excerpt":{"rendered":"<p>D\u00e1 s\u00f3 uma olhada no que esse profissional faz por aqui: ? Imprimir, separar e baixar os produtos de acordo com as prescri\u00e7\u00f5es liberadas, avaliando o n\u00famero de volumes, registrando no protocolo de entrega de acordo com cronograma de dispensa\u00e7\u00e3o; ? Manter a organiza\u00e7\u00e3o do estoque, higienizar e organizar prateleiras, armazenar e controlar validade\/temperatura, identificando [&hellip;]<\/p>\n","protected":false},"author":1,"featured_media":0,"comment_status":"open","ping_status":"open","sticky":false,"template":"","format":"standard","meta":{"footnotes":""},"categories":[21],"tags":[],"class_list":["post-2982","post","type-post","status-publish","format-standard","hentry","category-rio-de-janeiro-rj"],"_links":{"self":[{"href":"https:\/\/vagas.portalemprego.com.br\/index.php?rest_route=\/wp\/v2\/posts\/2982","targetHints":{"allow":["GET"]}}],"collection":[{"href":"https:\/\/vagas.portalemprego.com.br\/index.php?rest_route=\/wp\/v2\/posts"}],"about":[{"href":"https:\/\/vagas.portalemprego.com.br\/index.php?rest_route=\/wp\/v2\/types\/post"}],"author":[{"embeddable":true,"href":"https:\/\/vagas.portalemprego.com.br\/index.php?rest_route=\/wp\/v2\/users\/1"}],"replies":[{"embeddable":true,"href":"https:\/\/vagas.portalemprego.com.br\/index.php?rest_route=%2Fwp%2Fv2%2Fcomments&post=2982"}],"version-history":[{"count":0,"href":"https:\/\/vagas.portalemprego.com.br\/index.php?rest_route=\/wp\/v2\/posts\/2982\/revisions"}],"wp:attachment":[{"href":"https:\/\/vagas.portalemprego.com.br\/index.php?rest_route=%2Fwp%2Fv2%2Fmedia&parent=2982"}],"wp:term":[{"taxonomy":"category","embeddable":true,"href":"https:\/\/vagas.portalemprego.com.br\/index.php?rest_route=%2Fwp%2Fv2%2Fcategories&post=2982"},{"taxonomy":"post_tag","embeddable":true,"href":"https:\/\/vagas.portalemprego.com.br\/index.php?rest_route=%2Fwp%2Fv2%2Ftags&post=2982"}],"curies":[{"name":"wp","href":"https:\/\/api.w.org\/{rel}","templated":true}]}}