{"id":2983,"date":"2026-04-29T06:29:29","date_gmt":"2026-04-29T09:29:29","guid":{"rendered":"https:\/\/vagas.portalemprego.com.br\/?p=2983"},"modified":"2026-04-29T06:29:29","modified_gmt":"2026-04-29T09:29:29","slug":"terapeuta-ocupacional-saude-niteroi","status":"publish","type":"post","link":"https:\/\/vagas.portalemprego.com.br\/?p=2983","title":{"rendered":"Terapeuta Ocupacional &#8211; Sa\u00fade &#8211; Niter\u00f3i"},"content":{"rendered":"<p>Estamos em busca de um Terapeuta Ocupacional para atuar em nossa equipe. O cargo oferece a chance de contribuir com o desenvolvimento e bem-estar de nossos clientes, promovendo uma abordagem centrada no indiv\u00edduo.<br \/>\nEste profissional ser\u00e1 respons\u00e1vel planejar e executar as atividades terap\u00eauticas, acompanhar o progresso dos pacientes, desenvolver e implementar planos de terapia, al\u00e9m de colaborar com outros profissionais da \u00e1rea.<br \/>\nRequisitos obrigat\u00f3rios:<br \/>\nGradua\u00e7\u00e3o em Terapia Ocupacional (CREFITO ativo)<br \/>\nExperi\u00eancia comprovada com p\u00fablico TEA<br \/>\nDom\u00ednio em desenvolvimento infantil e elabora\u00e7\u00e3o de plano terap\u00eautico individualizado<br \/>\nViv\u00eancia em ambiente cl\u00ednico multidisciplinar<br \/>\nForma\u00e7\u00e3o em Integra\u00e7\u00e3o Sensorial (com certifica\u00e7\u00e3o)<br \/>\nCapacita\u00e7\u00e3o em ABA<br \/>\nExperi\u00eancia estruturada com AVDs<br \/>\nO que esperamos deste profissional:<br \/>\nAlto n\u00edvel de responsabilidade cl\u00ednica<br \/>\nCapacidade anal\u00edtica e tomada de decis\u00e3o terap\u00eautica<br \/>\nComunica\u00e7\u00e3o assertiva com fam\u00edlias e equipe<br \/>\nCompromisso com evolu\u00e7\u00e3o consistente dos pacientes<br \/>\nAtualiza\u00e7\u00e3o\u00a0cont\u00ednua\u00a0baseada\u00a0em\u00a0evid\u00eancias<\/p>\n<ul>\n<li>Local de trabalho: Niter\u00f3i, RJ<\/li>\n<li>Regime de contrata\u00e7\u00e3o de tipo: Prestador de Servi\u00e7os (PJ)<\/li>\n<li>Jornada: Per\u00edodo Integral<\/li>\n<li>\u00c1rea e especializa\u00e7\u00e3o profissional: Sa\u00fade &#8211; Outras Especialidades M\u00e9dicas<\/li>\n<li>N\u00edvel hier\u00e1rquico: Especialista<\/li>\n<\/ul>\n<p>VALORIZADO<\/p>\n<p>Tempo de experi\u00eancia: Entre 1 e 3 anos<\/p>\n<p>HABILIDADES<\/p>\n<ul>\n<li>Experi\u00eancia com pacientes TEA<\/li>\n<li>Capacita\u00e7\u00e3o em ABA<\/li>\n<li>Integra\u00e7\u00e3o Sensorial<\/li>\n<li>Terapia ocupacional<\/li>\n<li>Experi\u00eancia estruturada com AVDs<\/li>\n<\/ul>\n<p>Escolaridade M\u00ednima: Ensino Superior<\/p>\n","protected":false},"excerpt":{"rendered":"<p>Estamos em busca de um Terapeuta Ocupacional para atuar em nossa equipe. O cargo oferece a chance de contribuir com o desenvolvimento e bem-estar de nossos clientes, promovendo uma abordagem centrada no indiv\u00edduo. Este profissional ser\u00e1 respons\u00e1vel planejar e executar as atividades terap\u00eauticas, acompanhar o progresso dos pacientes, desenvolver e implementar planos de terapia, al\u00e9m [&hellip;]<\/p>\n","protected":false},"author":1,"featured_media":0,"comment_status":"open","ping_status":"open","sticky":false,"template":"","format":"standard","meta":{"footnotes":""},"categories":[21],"tags":[],"class_list":["post-2983","post","type-post","status-publish","format-standard","hentry","category-rio-de-janeiro-rj"],"_links":{"self":[{"href":"https:\/\/vagas.portalemprego.com.br\/index.php?rest_route=\/wp\/v2\/posts\/2983","targetHints":{"allow":["GET"]}}],"collection":[{"href":"https:\/\/vagas.portalemprego.com.br\/index.php?rest_route=\/wp\/v2\/posts"}],"about":[{"href":"https:\/\/vagas.portalemprego.com.br\/index.php?rest_route=\/wp\/v2\/types\/post"}],"author":[{"embeddable":true,"href":"https:\/\/vagas.portalemprego.com.br\/index.php?rest_route=\/wp\/v2\/users\/1"}],"replies":[{"embeddable":true,"href":"https:\/\/vagas.portalemprego.com.br\/index.php?rest_route=%2Fwp%2Fv2%2Fcomments&post=2983"}],"version-history":[{"count":0,"href":"https:\/\/vagas.portalemprego.com.br\/index.php?rest_route=\/wp\/v2\/posts\/2983\/revisions"}],"wp:attachment":[{"href":"https:\/\/vagas.portalemprego.com.br\/index.php?rest_route=%2Fwp%2Fv2%2Fmedia&parent=2983"}],"wp:term":[{"taxonomy":"category","embeddable":true,"href":"https:\/\/vagas.portalemprego.com.br\/index.php?rest_route=%2Fwp%2Fv2%2Fcategories&post=2983"},{"taxonomy":"post_tag","embeddable":true,"href":"https:\/\/vagas.portalemprego.com.br\/index.php?rest_route=%2Fwp%2Fv2%2Ftags&post=2983"}],"curies":[{"name":"wp","href":"https:\/\/api.w.org\/{rel}","templated":true}]}}