{"id":2985,"date":"2026-04-29T06:29:29","date_gmt":"2026-04-29T09:29:29","guid":{"rendered":"https:\/\/vagas.portalemprego.com.br\/?p=2985"},"modified":"2026-04-29T06:29:29","modified_gmt":"2026-04-29T09:29:29","slug":"instalador-de-telecomunicacoes-informatica-ti-telecomunicacoes-campos-dos-goytacazes","status":"publish","type":"post","link":"https:\/\/vagas.portalemprego.com.br\/?p=2985","title":{"rendered":"Instalador de Telecomunica\u00e7\u00f5es &#8211; Inform\u00e1tica, TI, Telecomunica\u00e7\u00f5es &#8211; Campos dos Goytacazes"},"content":{"rendered":"<p>??? Atividades<br \/>\nInstalar e configurar servi\u00e7os de telecomunica\u00e7\u00f5es;<br \/>\nDiagnosticar e reparar avarias t\u00e9cnicas em sistemas e equipamentos de comunica\u00e7\u00e3o;<br \/>\nRealizar testes de funcionamento, garantindo a qualidade do servi\u00e7o prestado;<br \/>\nAcompanhar ordens de servi\u00e7o e preencher relat\u00f3rios t\u00e9cnicos;<br \/>\nCumprir normas de seguran\u00e7a e procedimentos t\u00e9cnicos;<br \/>\nPrestar apoio t\u00e9cnico ao cliente no local da instala\u00e7\u00e3o ou repara\u00e7\u00e3o.<br \/>\n? Requisitos<br \/>\nExperi\u00eancia pr\u00e9via na \u00e1rea de telecomunica\u00e7\u00f5es;<br \/>\nConhecimento em redes de fibra \u00f3ptica (FTTH) e coaxial;<br \/>\nHabilidade no uso de ferramentas de medi\u00e7\u00e3o e diagn\u00f3stico;<br \/>\nCNH categoria B;<br \/>\nBoa comunica\u00e7\u00e3o e orienta\u00e7\u00e3o para o atendimento ao cliente;<br \/>\nDisponibilidade para trabalho em regime rotativo e\/ou fins de semana.<br \/>\nTamb\u00e9m estamos aceitando profissionais sem experi\u00eancia<br \/>\n?? Benef\u00edcios:<br \/>\n \u2022 Assist\u00eancia m\u00e9dica e odontol\u00f3gica extensiva a dependentes<br \/>\n \u2022 Vale-refei\u00e7\u00e3o Flex: R$ 28,40 por dia<br \/>\n\u2022 Vale-transporte<br \/>\n \u2022 TotalPass<br \/>\n \u2022 Conv\u00eanio com faculdade parceira<br \/>\n \u2022 Celular corporativo<br \/>\n \u2022 Ve\u00edculo da empresa, com possibilidade de agregamento (opcional)<br \/>\nBonifica\u00e7\u00e3o por \u00a0produ\u00e7\u00e3o<\/p>\n<ul>\n<li>N\u00famero de vagas: 25<\/li>\n<li>Local de trabalho: Campos dos Goytacazes, RJ<\/li>\n<li>Regime de contrata\u00e7\u00e3o de tipo: Efetivo \u2013 CLT<\/li>\n<li>Jornada: Per\u00edodo Integral<\/li>\n<li>\u00c1rea e especializa\u00e7\u00e3o profissional: Inform\u00e1tica, TI, Telecomunica\u00e7\u00f5es &#8211; Telecomunica\u00e7\u00f5es<\/li>\n<li>N\u00edvel hier\u00e1rquico: Operacional<\/li>\n<\/ul>\n<p>HABILIDADES<\/p>\n<ul>\n<li>Pontualidade<\/li>\n<li>Comprometimento e dedica\u00e7\u00e3o<\/li>\n<li>\u2022\tBoa comunica\u00e7\u00e3o e orienta\u00e7\u00e3o para o atendimento ao cliente;<\/li>\n<\/ul>\n<p>Escolaridade M\u00ednima: Ensino M\u00e9dio (2\u00ba Grau)<\/p>\n<p>Forma\u00e7\u00e3o desejada:<\/p>\n<ul>\n<li>Ensino M\u00e9dio (2\u00ba Grau)<\/li>\n<\/ul>\n<p>Habilita\u00e7\u00e3o para dirigir: B<\/p>\n<p>Disponibilidade para viajar<\/p>\n<p>Sal\u00e1rio: 1913,25<\/p>\n","protected":false},"excerpt":{"rendered":"<p>??? Atividades Instalar e configurar servi\u00e7os de telecomunica\u00e7\u00f5es; Diagnosticar e reparar avarias t\u00e9cnicas em sistemas e equipamentos de comunica\u00e7\u00e3o; Realizar testes de funcionamento, garantindo a qualidade do servi\u00e7o prestado; Acompanhar ordens de servi\u00e7o e preencher relat\u00f3rios t\u00e9cnicos; Cumprir normas de seguran\u00e7a e procedimentos t\u00e9cnicos; Prestar apoio t\u00e9cnico ao cliente no local da instala\u00e7\u00e3o ou repara\u00e7\u00e3o. [&hellip;]<\/p>\n","protected":false},"author":1,"featured_media":0,"comment_status":"open","ping_status":"open","sticky":false,"template":"","format":"standard","meta":{"footnotes":""},"categories":[21],"tags":[],"class_list":["post-2985","post","type-post","status-publish","format-standard","hentry","category-rio-de-janeiro-rj"],"_links":{"self":[{"href":"https:\/\/vagas.portalemprego.com.br\/index.php?rest_route=\/wp\/v2\/posts\/2985","targetHints":{"allow":["GET"]}}],"collection":[{"href":"https:\/\/vagas.portalemprego.com.br\/index.php?rest_route=\/wp\/v2\/posts"}],"about":[{"href":"https:\/\/vagas.portalemprego.com.br\/index.php?rest_route=\/wp\/v2\/types\/post"}],"author":[{"embeddable":true,"href":"https:\/\/vagas.portalemprego.com.br\/index.php?rest_route=\/wp\/v2\/users\/1"}],"replies":[{"embeddable":true,"href":"https:\/\/vagas.portalemprego.com.br\/index.php?rest_route=%2Fwp%2Fv2%2Fcomments&post=2985"}],"version-history":[{"count":0,"href":"https:\/\/vagas.portalemprego.com.br\/index.php?rest_route=\/wp\/v2\/posts\/2985\/revisions"}],"wp:attachment":[{"href":"https:\/\/vagas.portalemprego.com.br\/index.php?rest_route=%2Fwp%2Fv2%2Fmedia&parent=2985"}],"wp:term":[{"taxonomy":"category","embeddable":true,"href":"https:\/\/vagas.portalemprego.com.br\/index.php?rest_route=%2Fwp%2Fv2%2Fcategories&post=2985"},{"taxonomy":"post_tag","embeddable":true,"href":"https:\/\/vagas.portalemprego.com.br\/index.php?rest_route=%2Fwp%2Fv2%2Ftags&post=2985"}],"curies":[{"name":"wp","href":"https:\/\/api.w.org\/{rel}","templated":true}]}}