{"id":2988,"date":"2026-04-29T06:29:29","date_gmt":"2026-04-29T09:29:29","guid":{"rendered":"https:\/\/vagas.portalemprego.com.br\/?p=2988"},"modified":"2026-04-29T06:29:29","modified_gmt":"2026-04-29T09:29:29","slug":"vendedor-externo-b2c-volta-redonda-rj-comercial-vendas-volta-redonda","status":"publish","type":"post","link":"https:\/\/vagas.portalemprego.com.br\/?p=2988","title":{"rendered":"Vendedor Externo B2C &#8211; Volta Redonda\/RJ &#8211; Comercial, Vendas &#8211; Volta Redonda"},"content":{"rendered":"<p>Estamos em busca de um Vendedor Externo B2C para atuar na regi\u00e3o de Volta Redonda\/RJ e Barra Mansa\/RJ, com foco em desenvolvimento de novos pontos de venda e crescimento da carteira ativa. Procuramos um profissional com perfil din\u00e2mico, forte atua\u00e7\u00e3o em campo e foco em resultados.<\/p>\n<p>Principais atividades<br \/>\nRealizar visitas di\u00e1rias a clientes, seguindo roteiro (m\u00e9dia de 25 visitas\/dia);<br \/>\nProspectar novos pontos de venda (perfil hunter);<br \/>\nDesenvolver e alavancar a carteira existente (perfil farmer);<br \/>\nTrabalhar estrat\u00e9gias de sell in e sell out junto aos clientes;<br \/>\nIdentificar oportunidades para aumento de volume e presen\u00e7a de produtos;<br \/>\nNegociar condi\u00e7\u00f5es comerciais e realizar fechamento de vendas;<br \/>\nAcompanhar o desempenho dos clientes e propor a\u00e7\u00f5es de melhoria;<br \/>\nGarantir execu\u00e7\u00e3o no ponto de venda;<br \/>\nRegistrar atividades e informa\u00e7\u00f5es no CRM.<br \/>\nRequisitos<br \/>\nExperi\u00eancia com vendas externas e rotina de visitas;<br \/>\nViv\u00eancia com prospec\u00e7\u00e3o ativa e gest\u00e3o de carteira;<br \/>\nConhecimento em conceitos de sell in e sell out;<br \/>\nExperi\u00eancia com negocia\u00e7\u00e3o e fechamento de vendas;<br \/>\nCNH categoria B v\u00e1lida;<br \/>\nDisponibilidade para atua\u00e7\u00e3o externa na regi\u00e3o.<\/p>\n<p>Compet\u00eancias desejadas<br \/>\nExcelente comunica\u00e7\u00e3o e poder de negocia\u00e7\u00e3o;<br \/>\nPerfil proativo e orientado a resultados;<br \/>\nOrganiza\u00e7\u00e3o e disciplina comercial;<br \/>\nCapacidade de trabalhar com metas e press\u00e3o de rotina externa;<\/p>\n<p>Diferenciais<br \/>\nExperi\u00eancia no segmento automotivo;<br \/>\nViv\u00eancia com venda de produtos premium;<br \/>\nHist\u00f3rico comprovado de a\u00e7\u00f5es para aumento de sell out no ponto de venda;<\/p>\n<ul>\n<li>Local de trabalho: Volta Redonda, RJ<\/li>\n<li>Regime de contrata\u00e7\u00e3o de tipo: Efetivo \u2013 CLT<\/li>\n<li>Jornada: Per\u00edodo Integral<\/li>\n<li>\u00c1rea e especializa\u00e7\u00e3o profissional: Comercial, Vendas &#8211; Venda Externa<\/li>\n<li>N\u00edvel hier\u00e1rquico: Consultor<\/li>\n<\/ul>\n<p>VALORIZADO<\/p>\n<p>Tempo de experi\u00eancia: Entre 3 e 5 anos<\/p>\n<p>Escolaridade M\u00ednima: Ensino M\u00e9dio (2\u00ba Grau)<\/p>\n<p>Habilita\u00e7\u00e3o para dirigir: B<\/p>\n<ul>\n<li>Seguro de Vida<\/li>\n<li>Aux\u00edlio farm\u00e1cia<\/li>\n<li>TotalPass<\/li>\n<li>Assist\u00eancia odontol\u00f3gica<\/li>\n<li>Assist\u00eancia m\u00e9dica<\/li>\n<li>Vale-refei\u00e7\u00e3o<\/li>\n<\/ul>\n","protected":false},"excerpt":{"rendered":"<p>Estamos em busca de um Vendedor Externo B2C para atuar na regi\u00e3o de Volta Redonda\/RJ e Barra Mansa\/RJ, com foco em desenvolvimento de novos pontos de venda e crescimento da carteira ativa. Procuramos um profissional com perfil din\u00e2mico, forte atua\u00e7\u00e3o em campo e foco em resultados. Principais atividades Realizar visitas di\u00e1rias a clientes, seguindo roteiro [&hellip;]<\/p>\n","protected":false},"author":1,"featured_media":0,"comment_status":"open","ping_status":"open","sticky":false,"template":"","format":"standard","meta":{"footnotes":""},"categories":[21],"tags":[],"class_list":["post-2988","post","type-post","status-publish","format-standard","hentry","category-rio-de-janeiro-rj"],"_links":{"self":[{"href":"https:\/\/vagas.portalemprego.com.br\/index.php?rest_route=\/wp\/v2\/posts\/2988","targetHints":{"allow":["GET"]}}],"collection":[{"href":"https:\/\/vagas.portalemprego.com.br\/index.php?rest_route=\/wp\/v2\/posts"}],"about":[{"href":"https:\/\/vagas.portalemprego.com.br\/index.php?rest_route=\/wp\/v2\/types\/post"}],"author":[{"embeddable":true,"href":"https:\/\/vagas.portalemprego.com.br\/index.php?rest_route=\/wp\/v2\/users\/1"}],"replies":[{"embeddable":true,"href":"https:\/\/vagas.portalemprego.com.br\/index.php?rest_route=%2Fwp%2Fv2%2Fcomments&post=2988"}],"version-history":[{"count":0,"href":"https:\/\/vagas.portalemprego.com.br\/index.php?rest_route=\/wp\/v2\/posts\/2988\/revisions"}],"wp:attachment":[{"href":"https:\/\/vagas.portalemprego.com.br\/index.php?rest_route=%2Fwp%2Fv2%2Fmedia&parent=2988"}],"wp:term":[{"taxonomy":"category","embeddable":true,"href":"https:\/\/vagas.portalemprego.com.br\/index.php?rest_route=%2Fwp%2Fv2%2Fcategories&post=2988"},{"taxonomy":"post_tag","embeddable":true,"href":"https:\/\/vagas.portalemprego.com.br\/index.php?rest_route=%2Fwp%2Fv2%2Ftags&post=2988"}],"curies":[{"name":"wp","href":"https:\/\/api.w.org\/{rel}","templated":true}]}}