{"id":2995,"date":"2026-04-29T06:29:29","date_gmt":"2026-04-29T09:29:29","guid":{"rendered":"https:\/\/vagas.portalemprego.com.br\/?p=2995"},"modified":"2026-04-29T06:29:29","modified_gmt":"2026-04-29T09:29:29","slug":"mecanico-de-refrigeracao-construcao-manutencao-rio-de-janeiro-15","status":"publish","type":"post","link":"https:\/\/vagas.portalemprego.com.br\/?p=2995","title":{"rendered":"Mec\u00e2nico de Refrigera\u00e7\u00e3o &#8211; Constru\u00e7\u00e3o, Manuten\u00e7\u00e3o &#8211; Rio de Janeiro"},"content":{"rendered":"<p>Principais Responsabilidades:<br \/>\nInstala\u00e7\u00e3o: Montagem de ar-condicionado (split, janela, cassete), centrais de ar e c\u00e2maras frigor\u00edficas.<br \/>\nManuten\u00e7\u00e3o Corretiva: Reparo de vazamentos, troca de compressores e motores, diagn\u00f3stico de falhas el\u00e9tricas.<br \/>\nManuten\u00e7\u00e3o Preventiva\/Higieniza\u00e7\u00e3o: Limpeza de filtros, drenos e serpentinas para evitar doen\u00e7as e aumentar a vida \u00fatil do aparelho.<br \/>\nRecarga de G\u00e1s: Identifica\u00e7\u00e3o e carga de fluido refrigerante.<\/p>\n<ul>\n<li>Local de trabalho: Rio de Janeiro, RJ<\/li>\n<li>Regime de contrata\u00e7\u00e3o de tipo: Efetivo \u2013 CLT<\/li>\n<li>Jornada: Per\u00edodo Integral<\/li>\n<li>\u00c1rea e especializa\u00e7\u00e3o profissional: Constru\u00e7\u00e3o, Manuten\u00e7\u00e3o &#8211; Instala\u00e7\u00f5es em Geral<\/li>\n<li>N\u00edvel hier\u00e1rquico: Assistente<\/li>\n<\/ul>\n<p>VALORIZADO<\/p>\n<p>Tempo de experi\u00eancia: Menos de 1 ano<\/p>\n<p>HABILIDADES<\/p>\n<ul>\n<li>Aten\u00e7\u00e3o aos detalhes<\/li>\n<li>Curso NR10<\/li>\n<li>No\u00e7\u00f5es de el\u00e9trica aplicada a equipamentos de ar-condicionado.<\/li>\n<li>Responsabilidade e pontualidade<\/li>\n<li>Leitura e interpreta\u00e7\u00e3o b\u00e1sica de manuais e esquemas t\u00e9cnicos<\/li>\n<li>Conhecimento em sistemas de refrigera\u00e7\u00e3o e climatiza\u00e7\u00e3o<\/li>\n<\/ul>\n<p>Escolaridade M\u00ednima: Ensino M\u00e9dio (2\u00ba Grau)<\/p>\n<ul>\n<li>Vale Alimenta\u00e7\u00e3o<\/li>\n<li>Vale Transporte<\/li>\n<li>Seguro de Vida<\/li>\n<li>Conv\u00eanio com SESI<\/li>\n<li>Wellhub(conv\u00eanio com academias)<\/li>\n<\/ul>\n<p>Sal\u00e1rio: 2511,98<\/p>\n","protected":false},"excerpt":{"rendered":"<p>Principais Responsabilidades: Instala\u00e7\u00e3o: Montagem de ar-condicionado (split, janela, cassete), centrais de ar e c\u00e2maras frigor\u00edficas. Manuten\u00e7\u00e3o Corretiva: Reparo de vazamentos, troca de compressores e motores, diagn\u00f3stico de falhas el\u00e9tricas. Manuten\u00e7\u00e3o Preventiva\/Higieniza\u00e7\u00e3o: Limpeza de filtros, drenos e serpentinas para evitar doen\u00e7as e aumentar a vida \u00fatil do aparelho. Recarga de G\u00e1s: Identifica\u00e7\u00e3o e carga de fluido [&hellip;]<\/p>\n","protected":false},"author":1,"featured_media":0,"comment_status":"open","ping_status":"open","sticky":false,"template":"","format":"standard","meta":{"footnotes":""},"categories":[21],"tags":[],"class_list":["post-2995","post","type-post","status-publish","format-standard","hentry","category-rio-de-janeiro-rj"],"_links":{"self":[{"href":"https:\/\/vagas.portalemprego.com.br\/index.php?rest_route=\/wp\/v2\/posts\/2995","targetHints":{"allow":["GET"]}}],"collection":[{"href":"https:\/\/vagas.portalemprego.com.br\/index.php?rest_route=\/wp\/v2\/posts"}],"about":[{"href":"https:\/\/vagas.portalemprego.com.br\/index.php?rest_route=\/wp\/v2\/types\/post"}],"author":[{"embeddable":true,"href":"https:\/\/vagas.portalemprego.com.br\/index.php?rest_route=\/wp\/v2\/users\/1"}],"replies":[{"embeddable":true,"href":"https:\/\/vagas.portalemprego.com.br\/index.php?rest_route=%2Fwp%2Fv2%2Fcomments&post=2995"}],"version-history":[{"count":0,"href":"https:\/\/vagas.portalemprego.com.br\/index.php?rest_route=\/wp\/v2\/posts\/2995\/revisions"}],"wp:attachment":[{"href":"https:\/\/vagas.portalemprego.com.br\/index.php?rest_route=%2Fwp%2Fv2%2Fmedia&parent=2995"}],"wp:term":[{"taxonomy":"category","embeddable":true,"href":"https:\/\/vagas.portalemprego.com.br\/index.php?rest_route=%2Fwp%2Fv2%2Fcategories&post=2995"},{"taxonomy":"post_tag","embeddable":true,"href":"https:\/\/vagas.portalemprego.com.br\/index.php?rest_route=%2Fwp%2Fv2%2Ftags&post=2995"}],"curies":[{"name":"wp","href":"https:\/\/api.w.org\/{rel}","templated":true}]}}