{"id":2998,"date":"2026-04-29T06:29:29","date_gmt":"2026-04-29T09:29:29","guid":{"rendered":"https:\/\/vagas.portalemprego.com.br\/?p=2998"},"modified":"2026-04-29T06:29:29","modified_gmt":"2026-04-29T09:29:29","slug":"auxiliar-de-conferente-pcd-logistica-duque-de-caxias","status":"publish","type":"post","link":"https:\/\/vagas.portalemprego.com.br\/?p=2998","title":{"rendered":"Auxiliar de Conferente (PCD) &#8211; Log\u00edstica &#8211; Duque de Caxias"},"content":{"rendered":"<p>A Panco, refer\u00eancia no mercado de alimentos, busca um Auxiliar de Conferente (vaga exclusiva para pessoas com defici\u00eancia) para fazer parte da equipe!<br \/>\nO que esperamos de voc\u00ea? Procuramos profissionais dedicados e que tenham o prop\u00f3sito de trabalhar com muito amor, carinho e dedica\u00e7\u00e3o. Se voc\u00ea \u00e9 uma dessas pessoas, venha fazer parte da nossa fam\u00edlia! Se voc\u00ea \u00e9 um profissional proativo, respons\u00e1vel, t\u00e9cnico e apaixonado pelo que faz, essa oportunidade \u00e9 para voc\u00ea!!!<br \/>\nResponsabilidades:<br \/>\nSer\u00e1 respons\u00e1vel por auxiliar na confer\u00eancia dos estoques de produtos acabados;<br \/>\nRealizar\u00e1 a contagem minuciosa dos itens para garantir o controle dos n\u00edveis de estoque do dep\u00f3sito;<br \/>\nTamb\u00e9m atuar\u00e1 no carregamento e descarregamento manual de carretas com produtos acabados e\/ou cestos vazios;<br \/>\nRequisitos:<br \/>\nEnsino M\u00e9dio completo;<br \/>\nExperi\u00eancia anterior em confer\u00eancia, estoque, dep\u00f3sito ou \u00e1reas correlatas ser\u00e1 considerado um diferencial;<br \/>\nBoa aten\u00e7\u00e3o aos detalhes e comprometimento com prazos e qualidade nas entregas;<br \/>\n\u2022\tDisponibilidade para atividades que exijam esfor\u00e7o f\u00edsico e trabalho em equipe.<br \/>\nOnde voc\u00ea ir\u00e1 trabalhar?<br \/>\nLocal de trabalho: Estrada S\u00e3o Louren\u00e7o n\u00b01080, Duque de Caxias &#8211; RJ. Regime: 100% presencial.<br \/>\nHor\u00e1rio de trabalho: de segunda a s\u00e1bado, das 13:00 \u00e0s 21:20 (com possibilidade de varia\u00e7\u00e3o conforme a necessidade operacional).<br \/>\nSe identificou? Se inscreva! Esperamos por voc\u00ea! #VemPraPanco<br \/>\nA PANCO (LUA NOVA) declara seu compromisso com a privacidade e a prote\u00e7\u00e3o dos dados pessoais de todas as pessoas naturais, com as quais se relaciona, com observ\u00e2ncia da Lei Geral de Prote\u00e7\u00e3o de Dados (LGPD) e com respeito aos direitos fundamentais dos titulares.<\/p>\n<ul>\n<li>Local de trabalho: Duque de Caxias, RJ<\/li>\n<li>Regime de contrata\u00e7\u00e3o de tipo: Efetivo \u2013 CLT<\/li>\n<li>Jornada: Per\u00edodo Integral<\/li>\n<li>\u00c1rea e especializa\u00e7\u00e3o profissional: Log\u00edstica &#8211; Distribui\u00e7\u00e3o, Recebimento e Expedi\u00e7\u00e3o<\/li>\n<li>N\u00edvel hier\u00e1rquico: Operacional<\/li>\n<\/ul>\n<p>Escolaridade M\u00ednima: Ensino M\u00e9dio (2\u00ba Grau)<\/p>\n","protected":false},"excerpt":{"rendered":"<p>A Panco, refer\u00eancia no mercado de alimentos, busca um Auxiliar de Conferente (vaga exclusiva para pessoas com defici\u00eancia) para fazer parte da equipe! O que esperamos de voc\u00ea? Procuramos profissionais dedicados e que tenham o prop\u00f3sito de trabalhar com muito amor, carinho e dedica\u00e7\u00e3o. Se voc\u00ea \u00e9 uma dessas pessoas, venha fazer parte da nossa [&hellip;]<\/p>\n","protected":false},"author":1,"featured_media":0,"comment_status":"open","ping_status":"open","sticky":false,"template":"","format":"standard","meta":{"footnotes":""},"categories":[21],"tags":[],"class_list":["post-2998","post","type-post","status-publish","format-standard","hentry","category-rio-de-janeiro-rj"],"_links":{"self":[{"href":"https:\/\/vagas.portalemprego.com.br\/index.php?rest_route=\/wp\/v2\/posts\/2998","targetHints":{"allow":["GET"]}}],"collection":[{"href":"https:\/\/vagas.portalemprego.com.br\/index.php?rest_route=\/wp\/v2\/posts"}],"about":[{"href":"https:\/\/vagas.portalemprego.com.br\/index.php?rest_route=\/wp\/v2\/types\/post"}],"author":[{"embeddable":true,"href":"https:\/\/vagas.portalemprego.com.br\/index.php?rest_route=\/wp\/v2\/users\/1"}],"replies":[{"embeddable":true,"href":"https:\/\/vagas.portalemprego.com.br\/index.php?rest_route=%2Fwp%2Fv2%2Fcomments&post=2998"}],"version-history":[{"count":0,"href":"https:\/\/vagas.portalemprego.com.br\/index.php?rest_route=\/wp\/v2\/posts\/2998\/revisions"}],"wp:attachment":[{"href":"https:\/\/vagas.portalemprego.com.br\/index.php?rest_route=%2Fwp%2Fv2%2Fmedia&parent=2998"}],"wp:term":[{"taxonomy":"category","embeddable":true,"href":"https:\/\/vagas.portalemprego.com.br\/index.php?rest_route=%2Fwp%2Fv2%2Fcategories&post=2998"},{"taxonomy":"post_tag","embeddable":true,"href":"https:\/\/vagas.portalemprego.com.br\/index.php?rest_route=%2Fwp%2Fv2%2Ftags&post=2998"}],"curies":[{"name":"wp","href":"https:\/\/api.w.org\/{rel}","templated":true}]}}