{"id":3000,"date":"2026-04-29T06:29:29","date_gmt":"2026-04-29T09:29:29","guid":{"rendered":"https:\/\/vagas.portalemprego.com.br\/?p=3000"},"modified":"2026-04-29T06:29:29","modified_gmt":"2026-04-29T09:29:29","slug":"oficial-de-rede-informatica-ti-telecomunicacoes-rio-de-janeiro","status":"publish","type":"post","link":"https:\/\/vagas.portalemprego.com.br\/?p=3000","title":{"rendered":"Oficial de Rede &#8211; Inform\u00e1tica, TI, Telecomunica\u00e7\u00f5es &#8211; Rio de Janeiro"},"content":{"rendered":"<p>??? Atividades<br \/>\nRealizar lan\u00e7amento de cabos;<br \/>\nInstalar cordoalha, BAP e isoladores;<br \/>\nManusear catraca guia de fibra;<br \/>\nOperar m\u00e1quina de espinar;<br \/>\nAtuar conforme normas t\u00e9cnicas e de seguran\u00e7a.<br \/>\n?? Benef\u00edcios<br \/>\nAssist\u00eancia m\u00e9dica e odontol\u00f3gica extensivo a dependentes<br \/>\nVale-refei\u00e7\u00e3o Flex de R$ 28,40<br \/>\nVale-transporte<br \/>\nTotal Pass<br \/>\nConv\u00eanio com faculdade parceira<br \/>\nCelular da empresa<br \/>\nVe\u00edculo da empresa com agregamento (opcional)<\/p>\n<ul>\n<li>N\u00famero de vagas: 25<\/li>\n<li>Local de trabalho: Rio de Janeiro, RJ<\/li>\n<li>Regime de contrata\u00e7\u00e3o de tipo: Efetivo \u2013 CLT<\/li>\n<li>Jornada: Per\u00edodo Integral<\/li>\n<li>\u00c1rea e especializa\u00e7\u00e3o profissional: Inform\u00e1tica, TI, Telecomunica\u00e7\u00f5es &#8211; Telecomunica\u00e7\u00f5es<\/li>\n<li>N\u00edvel hier\u00e1rquico: Operacional<\/li>\n<\/ul>\n<p>HABILIDADES<\/p>\n<ul>\n<li>Responsabilidade<\/li>\n<li>\u2022\tDisponibilidade para trabalho em campo.<\/li>\n<li>Pontualidade<\/li>\n<li>Compromisso e dedica\u00e7\u00e3o<\/li>\n<\/ul>\n<p>Escolaridade M\u00ednima: Ensino M\u00e9dio (2\u00ba Grau)<\/p>\n<p>Disponibilidade para viajar<\/p>\n<p>Sal\u00e1rio: 2275,0<\/p>\n","protected":false},"excerpt":{"rendered":"<p>??? Atividades Realizar lan\u00e7amento de cabos; Instalar cordoalha, BAP e isoladores; Manusear catraca guia de fibra; Operar m\u00e1quina de espinar; Atuar conforme normas t\u00e9cnicas e de seguran\u00e7a. ?? Benef\u00edcios Assist\u00eancia m\u00e9dica e odontol\u00f3gica extensivo a dependentes Vale-refei\u00e7\u00e3o Flex de R$ 28,40 Vale-transporte Total Pass Conv\u00eanio com faculdade parceira Celular da empresa Ve\u00edculo da empresa com [&hellip;]<\/p>\n","protected":false},"author":1,"featured_media":0,"comment_status":"open","ping_status":"open","sticky":false,"template":"","format":"standard","meta":{"footnotes":""},"categories":[21],"tags":[],"class_list":["post-3000","post","type-post","status-publish","format-standard","hentry","category-rio-de-janeiro-rj"],"_links":{"self":[{"href":"https:\/\/vagas.portalemprego.com.br\/index.php?rest_route=\/wp\/v2\/posts\/3000","targetHints":{"allow":["GET"]}}],"collection":[{"href":"https:\/\/vagas.portalemprego.com.br\/index.php?rest_route=\/wp\/v2\/posts"}],"about":[{"href":"https:\/\/vagas.portalemprego.com.br\/index.php?rest_route=\/wp\/v2\/types\/post"}],"author":[{"embeddable":true,"href":"https:\/\/vagas.portalemprego.com.br\/index.php?rest_route=\/wp\/v2\/users\/1"}],"replies":[{"embeddable":true,"href":"https:\/\/vagas.portalemprego.com.br\/index.php?rest_route=%2Fwp%2Fv2%2Fcomments&post=3000"}],"version-history":[{"count":0,"href":"https:\/\/vagas.portalemprego.com.br\/index.php?rest_route=\/wp\/v2\/posts\/3000\/revisions"}],"wp:attachment":[{"href":"https:\/\/vagas.portalemprego.com.br\/index.php?rest_route=%2Fwp%2Fv2%2Fmedia&parent=3000"}],"wp:term":[{"taxonomy":"category","embeddable":true,"href":"https:\/\/vagas.portalemprego.com.br\/index.php?rest_route=%2Fwp%2Fv2%2Fcategories&post=3000"},{"taxonomy":"post_tag","embeddable":true,"href":"https:\/\/vagas.portalemprego.com.br\/index.php?rest_route=%2Fwp%2Fv2%2Ftags&post=3000"}],"curies":[{"name":"wp","href":"https:\/\/api.w.org\/{rel}","templated":true}]}}