{"id":3002,"date":"2026-04-29T06:29:29","date_gmt":"2026-04-29T09:29:29","guid":{"rendered":"https:\/\/vagas.portalemprego.com.br\/?p=3002"},"modified":"2026-04-29T06:29:29","modified_gmt":"2026-04-29T09:29:29","slug":"auxiliar-mecanico-de-ar-condicionado-engenharia-duque-de-caxias","status":"publish","type":"post","link":"https:\/\/vagas.portalemprego.com.br\/?p=3002","title":{"rendered":"AUXILIAR MECANICO DE AR CONDICIONADO &#8211; Engenharia &#8211; Duque de Caxias"},"content":{"rendered":"<p>Principais Responsabilidades:<br \/>\nAuxiliar o Mec\u00e2nico de Refrigera\u00e7\u00e3o e\/ou T\u00e9cnico de Manuten\u00e7\u00e3o na execu\u00e7\u00e3o de servi\u00e7os de instala\u00e7\u00e3o, manuten\u00e7\u00e3o preventiva e corretiva em sistemas de refrigera\u00e7\u00e3o e climatiza\u00e7\u00e3o.<br \/>\nApoiar na montagem, desmontagem e ajustes de equipamentos, realizando atividades compat\u00edveis com seu n\u00edvel de conhecimento t\u00e9cnico.<br \/>\nExecutar servi\u00e7os b\u00e1sicos em instala\u00e7\u00f5es mec\u00e2nicas, como limpeza, troca de componentes, apoio em diagn\u00f3sticos de falhas e organiza\u00e7\u00e3o de ferramentas e materiais.<br \/>\nPrestar suporte em inspe\u00e7\u00f5es rotineiras, identificando poss\u00edveis irregularidades e comunicando \u00e0 equipe t\u00e9cnica. Auxiliar na organiza\u00e7\u00e3o do ambiente de trabalho, garantindo efici\u00eancia e seguran\u00e7a nas opera\u00e7\u00f5es.<br \/>\nRealizar outras atividades correlatas \u00e0 fun\u00e7\u00e3o, conforme orienta\u00e7\u00e3o da equipe respons\u00e1vel.<\/p>\n<ul>\n<li>N\u00famero de vagas: 2<\/li>\n<li>Local de trabalho: Duque de Caxias, RJ<\/li>\n<li>Regime de contrata\u00e7\u00e3o de tipo: Efetivo \u2013 CLT<\/li>\n<li>Jornada: Per\u00edodo Integral<\/li>\n<li>\u00c1rea e especializa\u00e7\u00e3o profissional: Engenharia &#8211; Engenharia Mec\u00e2nica, Mecatr\u00f4nica<\/li>\n<li>N\u00edvel hier\u00e1rquico: Operacional<\/li>\n<\/ul>\n<p>VALORIZADO<\/p>\n<p>Tempo de experi\u00eancia: Menos de 1 ano<\/p>\n<p>HABILIDADES<\/p>\n<ul>\n<li>Organiza\u00e7\u00e3o e aten\u00e7\u00e3o aos detalhes<\/li>\n<li>No\u00e7\u00f5es de manuten\u00e7\u00e3o preventiva e corretiva.<\/li>\n<li>Responsabilidade e pontualidade<\/li>\n<li>Conhecimento em refrigera\u00e7\u00e3o e climatiza\u00e7\u00e3o.<\/li>\n<li>Conhecimento em normas de seguran\u00e7a (NRs)<\/li>\n<li>Boa comunica\u00e7\u00e3o interpessoal<\/li>\n<li>Conhecimento em manuten\u00e7\u00e3o de equipamento de refrigera\u00e7\u00e3o comercial<\/li>\n<\/ul>\n<p>Escolaridade M\u00ednima: Ensino Fundamental (1\u00ba grau)<\/p>\n<p>Forma\u00e7\u00e3o desejada:<\/p>\n<ul>\n<li>Manuten\u00e7\u00e3o de ar condicionado, Curso extra-curricular \/ Profissionalizante<\/li>\n<\/ul>\n<ul>\n<li>Vale Alimenta\u00e7\u00e3o<\/li>\n<li>Seguro de Vida<\/li>\n<li>Vale Transporte<\/li>\n<li>Conv\u00eanio com SESI\/SENAT<\/li>\n<li>Wellhub (conv\u00eanio com academias )<\/li>\n<\/ul>\n<p>Sal\u00e1rio: 1835,08<\/p>\n","protected":false},"excerpt":{"rendered":"<p>Principais Responsabilidades: Auxiliar o Mec\u00e2nico de Refrigera\u00e7\u00e3o e\/ou T\u00e9cnico de Manuten\u00e7\u00e3o na execu\u00e7\u00e3o de servi\u00e7os de instala\u00e7\u00e3o, manuten\u00e7\u00e3o preventiva e corretiva em sistemas de refrigera\u00e7\u00e3o e climatiza\u00e7\u00e3o. Apoiar na montagem, desmontagem e ajustes de equipamentos, realizando atividades compat\u00edveis com seu n\u00edvel de conhecimento t\u00e9cnico. Executar servi\u00e7os b\u00e1sicos em instala\u00e7\u00f5es mec\u00e2nicas, como limpeza, troca de componentes, [&hellip;]<\/p>\n","protected":false},"author":1,"featured_media":0,"comment_status":"open","ping_status":"open","sticky":false,"template":"","format":"standard","meta":{"footnotes":""},"categories":[21],"tags":[],"class_list":["post-3002","post","type-post","status-publish","format-standard","hentry","category-rio-de-janeiro-rj"],"_links":{"self":[{"href":"https:\/\/vagas.portalemprego.com.br\/index.php?rest_route=\/wp\/v2\/posts\/3002","targetHints":{"allow":["GET"]}}],"collection":[{"href":"https:\/\/vagas.portalemprego.com.br\/index.php?rest_route=\/wp\/v2\/posts"}],"about":[{"href":"https:\/\/vagas.portalemprego.com.br\/index.php?rest_route=\/wp\/v2\/types\/post"}],"author":[{"embeddable":true,"href":"https:\/\/vagas.portalemprego.com.br\/index.php?rest_route=\/wp\/v2\/users\/1"}],"replies":[{"embeddable":true,"href":"https:\/\/vagas.portalemprego.com.br\/index.php?rest_route=%2Fwp%2Fv2%2Fcomments&post=3002"}],"version-history":[{"count":0,"href":"https:\/\/vagas.portalemprego.com.br\/index.php?rest_route=\/wp\/v2\/posts\/3002\/revisions"}],"wp:attachment":[{"href":"https:\/\/vagas.portalemprego.com.br\/index.php?rest_route=%2Fwp%2Fv2%2Fmedia&parent=3002"}],"wp:term":[{"taxonomy":"category","embeddable":true,"href":"https:\/\/vagas.portalemprego.com.br\/index.php?rest_route=%2Fwp%2Fv2%2Fcategories&post=3002"},{"taxonomy":"post_tag","embeddable":true,"href":"https:\/\/vagas.portalemprego.com.br\/index.php?rest_route=%2Fwp%2Fv2%2Ftags&post=3002"}],"curies":[{"name":"wp","href":"https:\/\/api.w.org\/{rel}","templated":true}]}}