{"id":3004,"date":"2026-04-29T06:30:30","date_gmt":"2026-04-29T09:30:30","guid":{"rendered":"https:\/\/vagas.portalemprego.com.br\/?p=3004"},"modified":"2026-04-29T06:30:30","modified_gmt":"2026-04-29T09:30:30","slug":"vendedor-interno-comercial-vendas-rio-de-janeiro-3","status":"publish","type":"post","link":"https:\/\/vagas.portalemprego.com.br\/?p=3004","title":{"rendered":"Vendedor Interno &#8211; Comercial, Vendas &#8211; Rio de Janeiro"},"content":{"rendered":"<p>Atendimento comercial via telefone, e-mail, WhatsApp e redes sociais;<br \/>\nElabora\u00e7\u00e3o de propostas comerciais;<br \/>\nFideliza\u00e7\u00e3o de clientes e busca de novas oportunidades de neg\u00f3cio;<br \/>\nProspec\u00e7\u00e3o de novos clientes e abertura de novos mercados e regi\u00f5es.<br \/>\nExperi\u00eancia pr\u00e9via na \u00e1rea de vendas remotas;<br \/>\nExperi\u00eancia no mercado de Fitness, com venda de equipamentos e acess\u00f3rios de gin\u00e1stica.<\/p>\n<ul>\n<li>Local de trabalho: Rio de Janeiro, RJ<\/li>\n<li>Regime de contrata\u00e7\u00e3o de tipo: Efetivo \u2013 CLT<\/li>\n<li>Jornada: Per\u00edodo Integral<\/li>\n<li>\u00c1rea e especializa\u00e7\u00e3o profissional: Comercial, Vendas &#8211; Venda Interna<\/li>\n<li>N\u00edvel hier\u00e1rquico: Operacional<\/li>\n<\/ul>\n<p>Escolaridade M\u00ednima: Ensino M\u00e9dio (2\u00ba Grau)<\/p>\n<ul>\n<li>Plano de Sa\u00fade<\/li>\n<li>Vale Transporte<\/li>\n<li>Vale Refei\u00e7\u00e3o<\/li>\n<\/ul>\n","protected":false},"excerpt":{"rendered":"<p>Atendimento comercial via telefone, e-mail, WhatsApp e redes sociais; Elabora\u00e7\u00e3o de propostas comerciais; Fideliza\u00e7\u00e3o de clientes e busca de novas oportunidades de neg\u00f3cio; Prospec\u00e7\u00e3o de novos clientes e abertura de novos mercados e regi\u00f5es. Experi\u00eancia pr\u00e9via na \u00e1rea de vendas remotas; Experi\u00eancia no mercado de Fitness, com venda de equipamentos e acess\u00f3rios de gin\u00e1stica. Local [&hellip;]<\/p>\n","protected":false},"author":1,"featured_media":0,"comment_status":"open","ping_status":"open","sticky":false,"template":"","format":"standard","meta":{"footnotes":""},"categories":[21],"tags":[],"class_list":["post-3004","post","type-post","status-publish","format-standard","hentry","category-rio-de-janeiro-rj"],"_links":{"self":[{"href":"https:\/\/vagas.portalemprego.com.br\/index.php?rest_route=\/wp\/v2\/posts\/3004","targetHints":{"allow":["GET"]}}],"collection":[{"href":"https:\/\/vagas.portalemprego.com.br\/index.php?rest_route=\/wp\/v2\/posts"}],"about":[{"href":"https:\/\/vagas.portalemprego.com.br\/index.php?rest_route=\/wp\/v2\/types\/post"}],"author":[{"embeddable":true,"href":"https:\/\/vagas.portalemprego.com.br\/index.php?rest_route=\/wp\/v2\/users\/1"}],"replies":[{"embeddable":true,"href":"https:\/\/vagas.portalemprego.com.br\/index.php?rest_route=%2Fwp%2Fv2%2Fcomments&post=3004"}],"version-history":[{"count":0,"href":"https:\/\/vagas.portalemprego.com.br\/index.php?rest_route=\/wp\/v2\/posts\/3004\/revisions"}],"wp:attachment":[{"href":"https:\/\/vagas.portalemprego.com.br\/index.php?rest_route=%2Fwp%2Fv2%2Fmedia&parent=3004"}],"wp:term":[{"taxonomy":"category","embeddable":true,"href":"https:\/\/vagas.portalemprego.com.br\/index.php?rest_route=%2Fwp%2Fv2%2Fcategories&post=3004"},{"taxonomy":"post_tag","embeddable":true,"href":"https:\/\/vagas.portalemprego.com.br\/index.php?rest_route=%2Fwp%2Fv2%2Ftags&post=3004"}],"curies":[{"name":"wp","href":"https:\/\/api.w.org\/{rel}","templated":true}]}}