{"id":3005,"date":"2026-04-29T06:30:30","date_gmt":"2026-04-29T09:30:30","guid":{"rendered":"https:\/\/vagas.portalemprego.com.br\/?p=3005"},"modified":"2026-04-29T06:30:30","modified_gmt":"2026-04-29T09:30:30","slug":"lider-inventariante-rio-de-janeiro-e-demais-regioes-logistica-rio-de-janeiro","status":"publish","type":"post","link":"https:\/\/vagas.portalemprego.com.br\/?p=3005","title":{"rendered":"L\u00cdDER &amp; INVENTARIANTE (RIO DE JANEIRO E DEMAIS REGI\u00d5ES) &#8211; Log\u00edstica &#8211; Rio de Janeiro"},"content":{"rendered":"<p>Introdu\u00e7\u00e3o:A\u00a0Adilis\u00a0Trade\u00a0Marketing\u00a0busca\u00a0um\u00a0Lider\u00a0&amp;\u00a0Inventariante\u00a0para\u00a0refor\u00e7ar\u00a0sua\u00a0equipe.\u00a0O\u00a0cargo\u00a0oferece\u00a0a\u00a0oportunidade\u00a0de\u00a0gerenciar\u00a0atividades\u00a0de\u00a0invent\u00e1rio\u00a0e\u00a0liderar\u00a0equipes\u00a0em\u00a0um\u00a0ambiente\u00a0din\u00e2mico\u00a0e\u00a0colaborativo.\u00a0(RIO DE JANEIRO E DEMAIS REGI\u00d5ES)<br \/>\nFun\u00e7\u00f5es:<br \/>\nGerenciar\u00a0o\u00a0processo\u00a0de\u00a0invent\u00e1rio<br \/>\nCoordenar\u00a0atividades\u00a0de\u00a0estoque<br \/>\nAcompanhar\u00a0o\u00a0fluxo\u00a0de\u00a0produtos<br \/>\nColaborar\u00a0com\u00a0a\u00a0equipe\u00a0de\u00a0log\u00edstica<\/p>\n<p>Requisitos:<br \/>\nExperi\u00eancia\u00a0em\u00a0gest\u00e3o\u00a0de\u00a0invent\u00e1rio<br \/>\nConhecimento\u00a0em\u00a0sistemas\u00a0de\u00a0log\u00edstica<br \/>\nCapacidade\u00a0de\u00a0liderar\u00a0e\u00a0motivar\u00a0equipes<\/p>\n<p>Benef\u00edcios:<br \/>\nOferecemos\u00a0um\u00a0ambiente\u00a0de\u00a0trabalho\u00a0colaborativo<br \/>\nVoc\u00ea\u00a0ter\u00e1\u00a0acesso\u00a0a\u00a0oportunidades\u00a0de\u00a0crescimento\u00a0profissional<br \/>\nAmbiente\u00a0de\u00a0trabalho\u00a0seguro\u00a0e\u00a0agrad\u00e1vel<\/p>\n<p>Trabalhe\u00a0conosco\u00a0em\u00a0um\u00a0ambiente\u00a0que\u00a0valoriza\u00a0o\u00a0trabalho\u00a0em\u00a0equipe\u00a0e\u00a0busca\u00a0o\u00a0desenvolvimento\u00a0cont\u00ednuo\u00a0de\u00a0seus\u00a0colaboradores.<\/p>\n<ul>\n<li>Local de trabalho: Rio de Janeiro, RJ<\/li>\n<li>Regime de contrata\u00e7\u00e3o de tipo: Tempor\u00e1rio<\/li>\n<li>Jornada: Noturno<\/li>\n<li>\u00c1rea e especializa\u00e7\u00e3o profissional: Log\u00edstica &#8211; Estoque, Armazenagem, Dep\u00f3sito<\/li>\n<li>N\u00edvel hier\u00e1rquico: Operacional<\/li>\n<\/ul>\n<p>Escolaridade M\u00ednima: Ensino M\u00e9dio (2\u00ba Grau)<\/p>\n<p>Sal\u00e1rio: 2031,57<\/p>\n","protected":false},"excerpt":{"rendered":"<p>Introdu\u00e7\u00e3o:A\u00a0Adilis\u00a0Trade\u00a0Marketing\u00a0busca\u00a0um\u00a0Lider\u00a0&amp;\u00a0Inventariante\u00a0para\u00a0refor\u00e7ar\u00a0sua\u00a0equipe.\u00a0O\u00a0cargo\u00a0oferece\u00a0a\u00a0oportunidade\u00a0de\u00a0gerenciar\u00a0atividades\u00a0de\u00a0invent\u00e1rio\u00a0e\u00a0liderar\u00a0equipes\u00a0em\u00a0um\u00a0ambiente\u00a0din\u00e2mico\u00a0e\u00a0colaborativo.\u00a0(RIO DE JANEIRO E DEMAIS REGI\u00d5ES) Fun\u00e7\u00f5es: Gerenciar\u00a0o\u00a0processo\u00a0de\u00a0invent\u00e1rio Coordenar\u00a0atividades\u00a0de\u00a0estoque Acompanhar\u00a0o\u00a0fluxo\u00a0de\u00a0produtos Colaborar\u00a0com\u00a0a\u00a0equipe\u00a0de\u00a0log\u00edstica Requisitos: Experi\u00eancia\u00a0em\u00a0gest\u00e3o\u00a0de\u00a0invent\u00e1rio Conhecimento\u00a0em\u00a0sistemas\u00a0de\u00a0log\u00edstica Capacidade\u00a0de\u00a0liderar\u00a0e\u00a0motivar\u00a0equipes Benef\u00edcios: Oferecemos\u00a0um\u00a0ambiente\u00a0de\u00a0trabalho\u00a0colaborativo Voc\u00ea\u00a0ter\u00e1\u00a0acesso\u00a0a\u00a0oportunidades\u00a0de\u00a0crescimento\u00a0profissional Ambiente\u00a0de\u00a0trabalho\u00a0seguro\u00a0e\u00a0agrad\u00e1vel Trabalhe\u00a0conosco\u00a0em\u00a0um\u00a0ambiente\u00a0que\u00a0valoriza\u00a0o\u00a0trabalho\u00a0em\u00a0equipe\u00a0e\u00a0busca\u00a0o\u00a0desenvolvimento\u00a0cont\u00ednuo\u00a0de\u00a0seus\u00a0colaboradores. Local de trabalho: Rio de Janeiro, RJ Regime de contrata\u00e7\u00e3o de tipo: Tempor\u00e1rio Jornada: Noturno \u00c1rea e especializa\u00e7\u00e3o profissional: Log\u00edstica &#8211; Estoque, Armazenagem, Dep\u00f3sito N\u00edvel hier\u00e1rquico: Operacional Escolaridade M\u00ednima: Ensino M\u00e9dio (2\u00ba Grau) Sal\u00e1rio: 2031,57<\/p>\n","protected":false},"author":1,"featured_media":0,"comment_status":"open","ping_status":"open","sticky":false,"template":"","format":"standard","meta":{"footnotes":""},"categories":[21],"tags":[],"class_list":["post-3005","post","type-post","status-publish","format-standard","hentry","category-rio-de-janeiro-rj"],"_links":{"self":[{"href":"https:\/\/vagas.portalemprego.com.br\/index.php?rest_route=\/wp\/v2\/posts\/3005","targetHints":{"allow":["GET"]}}],"collection":[{"href":"https:\/\/vagas.portalemprego.com.br\/index.php?rest_route=\/wp\/v2\/posts"}],"about":[{"href":"https:\/\/vagas.portalemprego.com.br\/index.php?rest_route=\/wp\/v2\/types\/post"}],"author":[{"embeddable":true,"href":"https:\/\/vagas.portalemprego.com.br\/index.php?rest_route=\/wp\/v2\/users\/1"}],"replies":[{"embeddable":true,"href":"https:\/\/vagas.portalemprego.com.br\/index.php?rest_route=%2Fwp%2Fv2%2Fcomments&post=3005"}],"version-history":[{"count":0,"href":"https:\/\/vagas.portalemprego.com.br\/index.php?rest_route=\/wp\/v2\/posts\/3005\/revisions"}],"wp:attachment":[{"href":"https:\/\/vagas.portalemprego.com.br\/index.php?rest_route=%2Fwp%2Fv2%2Fmedia&parent=3005"}],"wp:term":[{"taxonomy":"category","embeddable":true,"href":"https:\/\/vagas.portalemprego.com.br\/index.php?rest_route=%2Fwp%2Fv2%2Fcategories&post=3005"},{"taxonomy":"post_tag","embeddable":true,"href":"https:\/\/vagas.portalemprego.com.br\/index.php?rest_route=%2Fwp%2Fv2%2Ftags&post=3005"}],"curies":[{"name":"wp","href":"https:\/\/api.w.org\/{rel}","templated":true}]}}