{"id":3008,"date":"2026-04-29T06:30:30","date_gmt":"2026-04-29T09:30:30","guid":{"rendered":"https:\/\/vagas.portalemprego.com.br\/?p=3008"},"modified":"2026-04-29T06:30:30","modified_gmt":"2026-04-29T09:30:30","slug":"auxiliar-de-servicos-gerais-servicos-gerais-duque-de-caxias","status":"publish","type":"post","link":"https:\/\/vagas.portalemprego.com.br\/?p=3008","title":{"rendered":"Auxiliar de Servi\u00e7os Gerais &#8211; Servi\u00e7os Gerais &#8211; Duque de Caxias"},"content":{"rendered":"<p>O Grupo Seres, em parceria com empresa\u00a0 nacional\u00a0 do segmento de Industria, seleciona profissional para atuar na fun\u00e7\u00e3o de Auxiliar de Servi\u00e7os Gerais<br \/>\nAtividades:<br \/>\nLimpeza das \u00e1reas externas (p\u00e1tio, ruas, \u00e1rea de conviv\u00eancia, estacionamento) e galp\u00f5es (quando solicitado).<br \/>\nRealizar a limpeza di\u00e1ria de dos ambientes acima citados (varri\u00e7\u00e3o).<br \/>\nOrganiza\u00e7\u00e3o e Conserva\u00e7\u00e3o:<br \/>\n\u00a0Manter \u00e1rea externa e galp\u00f5es (quando solicitado) organizados.<br \/>\nZelar pelos materiais de limpeza.<br \/>\nColeta de Res\u00edduos:<br \/>\nRecolher e descartar corretamente o lixo.<br \/>\nManter lixeiras limpas.<br \/>\nHor\u00e1rio de trabalho:<br \/>\nHor\u00e1rio: 07:00 AS 17:00 SEG A QUI E AS SEX 07:00 AS 16:00 C\/1 INTERV REFEICAO<br \/>\nEscala: 5&#215;2<br \/>\nModelo: Presencial<br \/>\nLocal de trabalho:<br \/>\nDuque de Caxias, RJ- Brasil<br \/>\nIncentivamos candidaturas PCD, popula\u00e7\u00e3o negra, mulheres, LGBTQIAPN+.<\/p>\n<ul>\n<li>Local de trabalho: Duque de Caxias, RJ<\/li>\n<li>Regime de contrata\u00e7\u00e3o de tipo: Tempor\u00e1rio<\/li>\n<li>Jornada: Per\u00edodo Integral<\/li>\n<li>\u00c1rea e especializa\u00e7\u00e3o profissional: Servi\u00e7os Gerais &#8211; Limpeza<\/li>\n<li>N\u00edvel hier\u00e1rquico: Auxiliar<\/li>\n<\/ul>\n<p>Escolaridade M\u00ednima: Ensino Fundamental (1\u00ba grau)<\/p>\n","protected":false},"excerpt":{"rendered":"<p>O Grupo Seres, em parceria com empresa\u00a0 nacional\u00a0 do segmento de Industria, seleciona profissional para atuar na fun\u00e7\u00e3o de Auxiliar de Servi\u00e7os Gerais Atividades: Limpeza das \u00e1reas externas (p\u00e1tio, ruas, \u00e1rea de conviv\u00eancia, estacionamento) e galp\u00f5es (quando solicitado). Realizar a limpeza di\u00e1ria de dos ambientes acima citados (varri\u00e7\u00e3o). Organiza\u00e7\u00e3o e Conserva\u00e7\u00e3o: \u00a0Manter \u00e1rea externa e [&hellip;]<\/p>\n","protected":false},"author":1,"featured_media":0,"comment_status":"open","ping_status":"open","sticky":false,"template":"","format":"standard","meta":{"footnotes":""},"categories":[21],"tags":[],"class_list":["post-3008","post","type-post","status-publish","format-standard","hentry","category-rio-de-janeiro-rj"],"_links":{"self":[{"href":"https:\/\/vagas.portalemprego.com.br\/index.php?rest_route=\/wp\/v2\/posts\/3008","targetHints":{"allow":["GET"]}}],"collection":[{"href":"https:\/\/vagas.portalemprego.com.br\/index.php?rest_route=\/wp\/v2\/posts"}],"about":[{"href":"https:\/\/vagas.portalemprego.com.br\/index.php?rest_route=\/wp\/v2\/types\/post"}],"author":[{"embeddable":true,"href":"https:\/\/vagas.portalemprego.com.br\/index.php?rest_route=\/wp\/v2\/users\/1"}],"replies":[{"embeddable":true,"href":"https:\/\/vagas.portalemprego.com.br\/index.php?rest_route=%2Fwp%2Fv2%2Fcomments&post=3008"}],"version-history":[{"count":0,"href":"https:\/\/vagas.portalemprego.com.br\/index.php?rest_route=\/wp\/v2\/posts\/3008\/revisions"}],"wp:attachment":[{"href":"https:\/\/vagas.portalemprego.com.br\/index.php?rest_route=%2Fwp%2Fv2%2Fmedia&parent=3008"}],"wp:term":[{"taxonomy":"category","embeddable":true,"href":"https:\/\/vagas.portalemprego.com.br\/index.php?rest_route=%2Fwp%2Fv2%2Fcategories&post=3008"},{"taxonomy":"post_tag","embeddable":true,"href":"https:\/\/vagas.portalemprego.com.br\/index.php?rest_route=%2Fwp%2Fv2%2Ftags&post=3008"}],"curies":[{"name":"wp","href":"https:\/\/api.w.org\/{rel}","templated":true}]}}