{"id":3011,"date":"2026-04-29T06:30:30","date_gmt":"2026-04-29T09:30:30","guid":{"rendered":"https:\/\/vagas.portalemprego.com.br\/?p=3011"},"modified":"2026-04-29T06:30:30","modified_gmt":"2026-04-29T09:30:30","slug":"encarregado-de-limpeza-servicos-gerais-rio-de-janeiro-2","status":"publish","type":"post","link":"https:\/\/vagas.portalemprego.com.br\/?p=3011","title":{"rendered":"ENCARREGADO DE LIMPEZA &#8211; Servi\u00e7os Gerais &#8211; Rio de Janeiro"},"content":{"rendered":"<p>Oportunidade: Estamos em busca de um Encarregado de Limpeza para atuar em nossa sede localizada na cidade. Uma chance de fazer parte de uma equipe dedicada e comprometida com a excel\u00eancia em servi\u00e7os.<br \/>\nFun\u00e7\u00f5es:<br \/>\nGerenciar e coordenar as atividades de limpeza da sede;<br \/>\nAcompanhar o desempenho dos colaboradores da equipe de limpeza;<br \/>\nGarantir a manuten\u00e7\u00e3o de ambientes limpos e organizados;<br \/>\nCoordenar com fornecedores de materiais de limpeza;<br \/>\nRealizar inspe\u00e7\u00f5es peri\u00f3dicas para garantir a qualidade dos servi\u00e7os prestados.<\/p>\n<p>Requisitos:<br \/>\nExperi\u00eancia em gest\u00e3o de equipes de limpeza;<br \/>\nConhecimento em normas de higiene e seguran\u00e7a;<br \/>\nCapacidade de organiza\u00e7\u00e3o e planejamento;<br \/>\nHabilidade para comunica\u00e7\u00e3o e lideran\u00e7a.<\/p>\n<p>Benef\u00edcios:<br \/>\nOferecemos um sal\u00e1rio competitivo;<br \/>\nAmbiente de trabalho colaborativo e acolhedor.<\/p>\n<ul>\n<li>Local de trabalho: Rio de Janeiro, RJ<\/li>\n<li>Regime de contrata\u00e7\u00e3o de tipo: Efetivo \u2013 CLT<\/li>\n<li>Jornada: Per\u00edodo Integral<\/li>\n<li>\u00c1rea e especializa\u00e7\u00e3o profissional: Servi\u00e7os Gerais &#8211; Limpeza<\/li>\n<li>N\u00edvel hier\u00e1rquico: Encarregado<\/li>\n<\/ul>\n<p>VALORIZADO<\/p>\n<p>Tempo de experi\u00eancia: Entre 3 e 5 anos<\/p>\n<p>Escolaridade M\u00ednima: Ensino Fundamental (1\u00ba grau)<\/p>\n<p>Sal\u00e1rio: 2161,45<\/p>\n","protected":false},"excerpt":{"rendered":"<p>Oportunidade: Estamos em busca de um Encarregado de Limpeza para atuar em nossa sede localizada na cidade. Uma chance de fazer parte de uma equipe dedicada e comprometida com a excel\u00eancia em servi\u00e7os. Fun\u00e7\u00f5es: Gerenciar e coordenar as atividades de limpeza da sede; Acompanhar o desempenho dos colaboradores da equipe de limpeza; Garantir a manuten\u00e7\u00e3o [&hellip;]<\/p>\n","protected":false},"author":1,"featured_media":0,"comment_status":"open","ping_status":"open","sticky":false,"template":"","format":"standard","meta":{"footnotes":""},"categories":[21],"tags":[],"class_list":["post-3011","post","type-post","status-publish","format-standard","hentry","category-rio-de-janeiro-rj"],"_links":{"self":[{"href":"https:\/\/vagas.portalemprego.com.br\/index.php?rest_route=\/wp\/v2\/posts\/3011","targetHints":{"allow":["GET"]}}],"collection":[{"href":"https:\/\/vagas.portalemprego.com.br\/index.php?rest_route=\/wp\/v2\/posts"}],"about":[{"href":"https:\/\/vagas.portalemprego.com.br\/index.php?rest_route=\/wp\/v2\/types\/post"}],"author":[{"embeddable":true,"href":"https:\/\/vagas.portalemprego.com.br\/index.php?rest_route=\/wp\/v2\/users\/1"}],"replies":[{"embeddable":true,"href":"https:\/\/vagas.portalemprego.com.br\/index.php?rest_route=%2Fwp%2Fv2%2Fcomments&post=3011"}],"version-history":[{"count":0,"href":"https:\/\/vagas.portalemprego.com.br\/index.php?rest_route=\/wp\/v2\/posts\/3011\/revisions"}],"wp:attachment":[{"href":"https:\/\/vagas.portalemprego.com.br\/index.php?rest_route=%2Fwp%2Fv2%2Fmedia&parent=3011"}],"wp:term":[{"taxonomy":"category","embeddable":true,"href":"https:\/\/vagas.portalemprego.com.br\/index.php?rest_route=%2Fwp%2Fv2%2Fcategories&post=3011"},{"taxonomy":"post_tag","embeddable":true,"href":"https:\/\/vagas.portalemprego.com.br\/index.php?rest_route=%2Fwp%2Fv2%2Ftags&post=3011"}],"curies":[{"name":"wp","href":"https:\/\/api.w.org\/{rel}","templated":true}]}}