{"id":3014,"date":"2026-04-29T06:30:30","date_gmt":"2026-04-29T09:30:30","guid":{"rendered":"https:\/\/vagas.portalemprego.com.br\/?p=3014"},"modified":"2026-04-29T06:30:30","modified_gmt":"2026-04-29T09:30:30","slug":"gerente-de-loja-rio-de-janeiro-rj-comercial-vendas-rio-de-janeiro","status":"publish","type":"post","link":"https:\/\/vagas.portalemprego.com.br\/?p=3014","title":{"rendered":"Gerente de Loja &#8211; Rio de Janeiro\/RJ &#8211; Comercial, Vendas &#8211; Rio de Janeiro"},"content":{"rendered":"<p>Feitos e apaixonados por pessoas, nascemos em 2003 com o prop\u00f3sito de criar conex\u00f5es e impactar vidas atrav\u00e9s da moda.<\/p>\n<p>Somos uma marca contempor\u00e2nea leve e pr\u00e1tica. Criamos roupas para os momentos simples e significativos da vida, prezando sempre pelas melhores mat\u00e9rias-primas e rigorosos controles de qualidade. Para melhor atender, apostamos em tecnologia, distribui\u00e7\u00e3o Omni-Channel e execu\u00e7\u00e3o de alta performance.<br \/>\nSeja qual for a \u00e1rea, intensidade e uni\u00e3o s\u00e3o caracter\u00edsticas do nosso time.<br \/>\nAmamos inovar, cuidar e pensar sempre na experi\u00eancia das clientes. Por aqui, todos os processos s\u00e3o envolvidos com amor e muita dedica\u00e7\u00e3o!<\/p>\n<p>E estamos com uma oportunidade de Gerente de Loja. Se voc\u00ea se considera criativa e inovadora, gosta de atuar como dono do neg\u00f3cio e \u00e9 movido por resultados, seu lugar \u00e9 aqui. <\/p>\n<p>E seus desafios para a posi\u00e7\u00e3o de Gerente, s\u00e3o:<\/p>\n<p>\u2022\tSer respons\u00e1vel pela gest\u00e3o de todos os processos da loja;<br \/>\n\u2022\tGerenciar todas as modalidades de atendimento;<br \/>\n\u2022\tGest\u00e3o de resultados, an\u00e1lise de KPI&#8217;s quantitativas e qualitativas (entrega de metas, indicadores, vendas no site, consignado e faturamento omnichannel);<br \/>\n\u2022\tElabora\u00e7\u00e3o e execu\u00e7\u00e3o de plano de a\u00e7\u00e3o;<br \/>\n\u2022\tSaber analisar o mercado;<br \/>\n\u2022\tRealizar a gest\u00e3o e desenvolvimento da equipe;<br \/>\n\u2022\tElabora\u00e7\u00e3o do Visual Merchandising da loja, seguindo as diretrizes de exposi\u00e7\u00e3o de produtos da marca;<br \/>\n\u2022\tZelar pela opera\u00e7\u00e3o do caixa;<br \/>\n\u2022\tZelar pela limpeza e organiza\u00e7\u00e3o da loja;<br \/>\n\u2022\tFoco no resultado, de maneira estrat\u00e9gica e anal\u00edtica;<br \/>\n\u2022\tGest\u00e3o de estoque: organiza\u00e7\u00e3o, vis\u00e3o comercial, invent\u00e1rios;<br \/>\n\u2022\tGest\u00e3o comercial: fideliza\u00e7\u00e3o, relacionamento, atendimento, an\u00e1lise de defeito, troca. <\/p>\n<p>Requisitos:<\/p>\n<p>\u2022\tEnsino superior cursando ser\u00e1 um diferencial;<br \/>\n\u2022\tPacote Office intermedi\u00e1rio;<br \/>\n\u2022\tExperi\u00eancia na fun\u00e7\u00e3o de gest\u00e3o de Loja;<br \/>\n\u2022\tExperi\u00eancia em vendas online e m\u00eddias sociais;<br \/>\n\u2022\tConhecimento e experi\u00eancia em v\u00e1rias modalidades de vendas;<br \/>\n\u2022\tFacilidade com ferramentas de CRM e sistemas operacionais;<br \/>\n\u2022\tHabilidade com atendimento.<\/p>\n<p>Buscamos por pessoas que tenham foco no cliente, busca por resultados, que sejam criativas, l\u00edder de si mesmo, tenham olhar de dono e amor por moda e varejo. <\/p>\n<p>Venha fazer parte do nosso time!!!<\/p>\n<ul>\n<li>Local de trabalho: Rio de Janeiro, RJ<\/li>\n<li>Regime de contrata\u00e7\u00e3o de tipo: Efetivo \u2013 CLT<\/li>\n<li>Jornada: Parcial tardes<\/li>\n<li>\u00c1rea e especializa\u00e7\u00e3o profissional: Comercial, Vendas &#8211; Lojas \/ Shopping<\/li>\n<li>N\u00edvel hier\u00e1rquico: Gerente<\/li>\n<\/ul>\n<p>Escolaridade M\u00ednima: Ensino M\u00e9dio (2\u00ba Grau)<\/p>\n<ul>\n<li>Beneficio Flex\u00edvel<\/li>\n<li>Descontos nas Marcas<\/li>\n<li>Dress Code<\/li>\n<li>Convenio M\u00e9dico<\/li>\n<\/ul>\n","protected":false},"excerpt":{"rendered":"<p>Feitos e apaixonados por pessoas, nascemos em 2003 com o prop\u00f3sito de criar conex\u00f5es e impactar vidas atrav\u00e9s da moda. Somos uma marca contempor\u00e2nea leve e pr\u00e1tica. Criamos roupas para os momentos simples e significativos da vida, prezando sempre pelas melhores mat\u00e9rias-primas e rigorosos controles de qualidade. Para melhor atender, apostamos em tecnologia, distribui\u00e7\u00e3o Omni-Channel [&hellip;]<\/p>\n","protected":false},"author":1,"featured_media":0,"comment_status":"open","ping_status":"open","sticky":false,"template":"","format":"standard","meta":{"footnotes":""},"categories":[21],"tags":[],"class_list":["post-3014","post","type-post","status-publish","format-standard","hentry","category-rio-de-janeiro-rj"],"_links":{"self":[{"href":"https:\/\/vagas.portalemprego.com.br\/index.php?rest_route=\/wp\/v2\/posts\/3014","targetHints":{"allow":["GET"]}}],"collection":[{"href":"https:\/\/vagas.portalemprego.com.br\/index.php?rest_route=\/wp\/v2\/posts"}],"about":[{"href":"https:\/\/vagas.portalemprego.com.br\/index.php?rest_route=\/wp\/v2\/types\/post"}],"author":[{"embeddable":true,"href":"https:\/\/vagas.portalemprego.com.br\/index.php?rest_route=\/wp\/v2\/users\/1"}],"replies":[{"embeddable":true,"href":"https:\/\/vagas.portalemprego.com.br\/index.php?rest_route=%2Fwp%2Fv2%2Fcomments&post=3014"}],"version-history":[{"count":0,"href":"https:\/\/vagas.portalemprego.com.br\/index.php?rest_route=\/wp\/v2\/posts\/3014\/revisions"}],"wp:attachment":[{"href":"https:\/\/vagas.portalemprego.com.br\/index.php?rest_route=%2Fwp%2Fv2%2Fmedia&parent=3014"}],"wp:term":[{"taxonomy":"category","embeddable":true,"href":"https:\/\/vagas.portalemprego.com.br\/index.php?rest_route=%2Fwp%2Fv2%2Fcategories&post=3014"},{"taxonomy":"post_tag","embeddable":true,"href":"https:\/\/vagas.portalemprego.com.br\/index.php?rest_route=%2Fwp%2Fv2%2Ftags&post=3014"}],"curies":[{"name":"wp","href":"https:\/\/api.w.org\/{rel}","templated":true}]}}