{"id":3017,"date":"2026-04-29T06:30:30","date_gmt":"2026-04-29T09:30:30","guid":{"rendered":"https:\/\/vagas.portalemprego.com.br\/?p=3017"},"modified":"2026-04-29T06:30:30","modified_gmt":"2026-04-29T09:30:30","slug":"manipuladora-de-alimentos-rotisseria-macae-rj-alimentacao-gastronomia-macae","status":"publish","type":"post","link":"https:\/\/vagas.portalemprego.com.br\/?p=3017","title":{"rendered":"Manipulador(a) de Alimentos Rotisseria &#8211; Maca\u00e9 &#8211; RJ &#8211; Alimenta\u00e7\u00e3o \/ Gastronomia &#8211; Maca\u00e9"},"content":{"rendered":"<p>VEM SER NATURAL DA TERRA!<br \/>\nSomos o vizinho especialista em produtos frescos e naturais, com qualidade impec\u00e1vel e uma experi\u00eancia que faz o cliente se sentir em casa.<br \/>\nNossa alma \u00e9 de feirante: gostamos de conversar, sorrir e oferecer aquele conforto emocional das feiras livres da inf\u00e2ncia, com um atendimento pr\u00f3ximo, humano e cheio de alegria.<br \/>\nTodos os dias acordamos com um \u00fanico objetivo: promover uma vida mais natural \u2013 em todos os sentidos.<br \/>\nSe voc\u00ea tamb\u00e9m acredita nesse prop\u00f3sito, vem com a gente!<\/p>\n<p>MANIPULADOR DE ALIMENTOS \u2013 ROTISSERIA<br \/>\nEscala: 6&#215;1<br \/>\nTipo de contrato: CLT<\/p>\n<p>ATIVIDADES DO CARGO:<br \/>\n\u2022 Manipular e preparar alimentos conforme fichas t\u00e9cnicas e padr\u00f5es da empresa, garantindo qualidade e sabor dos produtos servidos<br \/>\n\u2022 Executar cortes, temperos e preparos de carnes, aves, massas e guarni\u00e7\u00f5es, seguindo os procedimentos estabelecidos<br \/>\n\u2022 Montar e reabastecer o balc\u00e3o de rotisseria, prezando pela boa apresenta\u00e7\u00e3o e temperatura correta dos alimentos<br \/>\n\u2022 Controlar a validade e conserva\u00e7\u00e3o dos produtos, evitando desperd\u00edcios e perdas<br \/>\n\u2022 Manter a organiza\u00e7\u00e3o e limpeza do setor e dos utens\u00edlios utilizados<br \/>\n\u2022 Seguir rigorosamente as normas de higiene, seguran\u00e7a alimentar, Vigil\u00e2ncia Sanit\u00e1ria e Manual de Boas Pr\u00e1ticas<\/p>\n<p>REQUISITOS:<br \/>\n\u2022 Ensino fundamental completo<br \/>\n\u2022 Desej\u00e1vel experi\u00eancia anterior com manipula\u00e7\u00e3o de alimentos ou atua\u00e7\u00e3o em cozinha\/rotisseria<br \/>\n\u2022 Aten\u00e7\u00e3o, responsabilidade e comprometimento com a qualidade<\/p>\n<p>INCLUS\u00c3O E DIVERSIDADE<br \/>\nTodas as nossas vagas s\u00e3o abertas para pessoas com defici\u00eancia.<br \/>\nValorizamos a diversidade e estamos de bra\u00e7os abertos para todos os talentos, independentemente de ra\u00e7a, cor, religi\u00e3o, identidade de g\u00eanero ou orienta\u00e7\u00e3o sexual.<\/p>\n<ul>\n<li>N\u00famero de vagas: 10<\/li>\n<li>Local de trabalho: Maca\u00e9, RJ<\/li>\n<li>Regime de contrata\u00e7\u00e3o de tipo: Efetivo \u2013 CLT<\/li>\n<li>Jornada: Per\u00edodo Integral<\/li>\n<li>\u00c1rea e especializa\u00e7\u00e3o profissional: Alimenta\u00e7\u00e3o \/ Gastronomia &#8211; Cozinha<\/li>\n<li>N\u00edvel hier\u00e1rquico: Operacional<\/li>\n<\/ul>\n<p>Escolaridade M\u00ednima: Ensino Fundamental (1\u00ba grau)<\/p>\n<ul>\n<li>Cesta b\u00e1sica<\/li>\n<li>Seguro de vida<\/li>\n<li>Conv\u00eanio farm\u00e1cia<\/li>\n<li>Plano de saude<\/li>\n<li>Alimenta\u00e7\u00e3o no local<\/li>\n<li>Plano dental<\/li>\n<\/ul>\n","protected":false},"excerpt":{"rendered":"<p>VEM SER NATURAL DA TERRA! Somos o vizinho especialista em produtos frescos e naturais, com qualidade impec\u00e1vel e uma experi\u00eancia que faz o cliente se sentir em casa. Nossa alma \u00e9 de feirante: gostamos de conversar, sorrir e oferecer aquele conforto emocional das feiras livres da inf\u00e2ncia, com um atendimento pr\u00f3ximo, humano e cheio de [&hellip;]<\/p>\n","protected":false},"author":1,"featured_media":0,"comment_status":"open","ping_status":"open","sticky":false,"template":"","format":"standard","meta":{"footnotes":""},"categories":[21],"tags":[],"class_list":["post-3017","post","type-post","status-publish","format-standard","hentry","category-rio-de-janeiro-rj"],"_links":{"self":[{"href":"https:\/\/vagas.portalemprego.com.br\/index.php?rest_route=\/wp\/v2\/posts\/3017","targetHints":{"allow":["GET"]}}],"collection":[{"href":"https:\/\/vagas.portalemprego.com.br\/index.php?rest_route=\/wp\/v2\/posts"}],"about":[{"href":"https:\/\/vagas.portalemprego.com.br\/index.php?rest_route=\/wp\/v2\/types\/post"}],"author":[{"embeddable":true,"href":"https:\/\/vagas.portalemprego.com.br\/index.php?rest_route=\/wp\/v2\/users\/1"}],"replies":[{"embeddable":true,"href":"https:\/\/vagas.portalemprego.com.br\/index.php?rest_route=%2Fwp%2Fv2%2Fcomments&post=3017"}],"version-history":[{"count":0,"href":"https:\/\/vagas.portalemprego.com.br\/index.php?rest_route=\/wp\/v2\/posts\/3017\/revisions"}],"wp:attachment":[{"href":"https:\/\/vagas.portalemprego.com.br\/index.php?rest_route=%2Fwp%2Fv2%2Fmedia&parent=3017"}],"wp:term":[{"taxonomy":"category","embeddable":true,"href":"https:\/\/vagas.portalemprego.com.br\/index.php?rest_route=%2Fwp%2Fv2%2Fcategories&post=3017"},{"taxonomy":"post_tag","embeddable":true,"href":"https:\/\/vagas.portalemprego.com.br\/index.php?rest_route=%2Fwp%2Fv2%2Ftags&post=3017"}],"curies":[{"name":"wp","href":"https:\/\/api.w.org\/{rel}","templated":true}]}}