{"id":3023,"date":"2026-04-29T06:30:30","date_gmt":"2026-04-29T09:30:30","guid":{"rendered":"https:\/\/vagas.portalemprego.com.br\/?p=3023"},"modified":"2026-04-29T06:30:30","modified_gmt":"2026-04-29T09:30:30","slug":"estagiario-de-administracao-administracao-rio-de-janeiro","status":"publish","type":"post","link":"https:\/\/vagas.portalemprego.com.br\/?p=3023","title":{"rendered":"Estagi\u00e1rio de Administra\u00e7\u00e3o &#8211; Administra\u00e7\u00e3o &#8211; Rio de Janeiro"},"content":{"rendered":"<p>Buscamos um(a) Estagi\u00e1rio de Administra\u00e7\u00e3o para atuar na \u00e1rea de Sa\u00fade Ocupacional, com foco na gest\u00e3o da rede credenciada de cl\u00ednicas parceiras. A principal responsabilidade ser\u00e1 resgatar resultados de exames ocupacionais dentro dos prazos contratuais e garantir que todos os documentos sejam carregados corretamente no sistema da empresa.<br \/>\nO(a) profissional ser\u00e1 pe\u00e7a-chave na opera\u00e7\u00e3o, assegurando o fluxo eficiente de informa\u00e7\u00f5es entre as cl\u00ednicas credenciadas, a equipe interna e os clientes.<br \/>\nResponsabilidades<br \/>\nRealizar o resgate de resultados de exames ocupacionais junto \u00e0 rede credenciada, garantindo cumprimento dos SLA\u2019s estabelecidos.<br \/>\nFazer cobran\u00e7a ativa \u00e0s cl\u00ednicas prestadoras para obten\u00e7\u00e3o de resultados pendentes.<br \/>\nOrganizar, conferir e disponibilizar exames no sistema interno da empresa.<br \/>\nAtualizar e controlar planilhas de acompanhamento, gerando indicadores e dados de performance para apresenta\u00e7\u00e3o ao cliente.<br \/>\nManter comunica\u00e7\u00e3o clara e eficaz com parceiros e equipe interna para resolu\u00e7\u00e3o de pend\u00eancias.<br \/>\nApoiar demandas administrativas gerais do setor.<br \/>\nRequisitos:<br \/>\nEnsino m\u00e9dio completo; Cursando Administra\u00e7\u00e3o.<br \/>\nExperi\u00eancia pr\u00e9via em rotinas administrativas (diferencial se for no segmento de sa\u00fade ocupacional ou cl\u00ednicas).<br \/>\nDom\u00ednio do Pacote Office, especialmente Excel (lan\u00e7amento, organiza\u00e7\u00e3o e acompanhamento de dados).<br \/>\nBoa comunica\u00e7\u00e3o verbal e escrita.<br \/>\nPerfil proativo, organizado e com senso de urg\u00eancia.<br \/>\nHabilidade para lidar com m\u00faltiplas demandas e manter controle de prazos.<\/p>\n<p>Compet\u00eancias Comportamentais:<br \/>\nPro atividade e autonomia na busca de informa\u00e7\u00f5es.<br \/>\nAgilidade na resolu\u00e7\u00e3o de pend\u00eancias.<br \/>\nRelacionamento interpessoal e boa comunica\u00e7\u00e3o para contato frequente com credenciados.<br \/>\nCapacidade anal\u00edtica para organizar e interpretar dados.<br \/>\nOrganiza\u00e7\u00e3o e aten\u00e7\u00e3o aos detalhes.<\/p>\n<ul>\n<li>Local de trabalho: Rio de Janeiro, RJ<\/li>\n<li>Regime de contrata\u00e7\u00e3o de tipo: Efetivo \u2013 CLT<\/li>\n<li>Jornada: Per\u00edodo Integral<\/li>\n<li>\u00c1rea e especializa\u00e7\u00e3o profissional: Administra\u00e7\u00e3o &#8211; Administra\u00e7\u00e3o Geral<\/li>\n<li>N\u00edvel hier\u00e1rquico: Estagi\u00e1rio<\/li>\n<\/ul>\n<p>Escolaridade M\u00ednima: Ensino M\u00e9dio (2\u00ba Grau)<\/p>\n<ul>\n<li>VR OU VA<\/li>\n<li>SEGURO DE VIDA<\/li>\n<li>PLANO ODONTOL\u00d3GICO<\/li>\n<li>VT<\/li>\n<\/ul>\n","protected":false},"excerpt":{"rendered":"<p>Buscamos um(a) Estagi\u00e1rio de Administra\u00e7\u00e3o para atuar na \u00e1rea de Sa\u00fade Ocupacional, com foco na gest\u00e3o da rede credenciada de cl\u00ednicas parceiras. A principal responsabilidade ser\u00e1 resgatar resultados de exames ocupacionais dentro dos prazos contratuais e garantir que todos os documentos sejam carregados corretamente no sistema da empresa. O(a) profissional ser\u00e1 pe\u00e7a-chave na opera\u00e7\u00e3o, assegurando [&hellip;]<\/p>\n","protected":false},"author":1,"featured_media":0,"comment_status":"open","ping_status":"open","sticky":false,"template":"","format":"standard","meta":{"footnotes":""},"categories":[21],"tags":[],"class_list":["post-3023","post","type-post","status-publish","format-standard","hentry","category-rio-de-janeiro-rj"],"_links":{"self":[{"href":"https:\/\/vagas.portalemprego.com.br\/index.php?rest_route=\/wp\/v2\/posts\/3023","targetHints":{"allow":["GET"]}}],"collection":[{"href":"https:\/\/vagas.portalemprego.com.br\/index.php?rest_route=\/wp\/v2\/posts"}],"about":[{"href":"https:\/\/vagas.portalemprego.com.br\/index.php?rest_route=\/wp\/v2\/types\/post"}],"author":[{"embeddable":true,"href":"https:\/\/vagas.portalemprego.com.br\/index.php?rest_route=\/wp\/v2\/users\/1"}],"replies":[{"embeddable":true,"href":"https:\/\/vagas.portalemprego.com.br\/index.php?rest_route=%2Fwp%2Fv2%2Fcomments&post=3023"}],"version-history":[{"count":0,"href":"https:\/\/vagas.portalemprego.com.br\/index.php?rest_route=\/wp\/v2\/posts\/3023\/revisions"}],"wp:attachment":[{"href":"https:\/\/vagas.portalemprego.com.br\/index.php?rest_route=%2Fwp%2Fv2%2Fmedia&parent=3023"}],"wp:term":[{"taxonomy":"category","embeddable":true,"href":"https:\/\/vagas.portalemprego.com.br\/index.php?rest_route=%2Fwp%2Fv2%2Fcategories&post=3023"},{"taxonomy":"post_tag","embeddable":true,"href":"https:\/\/vagas.portalemprego.com.br\/index.php?rest_route=%2Fwp%2Fv2%2Ftags&post=3023"}],"curies":[{"name":"wp","href":"https:\/\/api.w.org\/{rel}","templated":true}]}}