{"id":3024,"date":"2026-04-29T06:30:30","date_gmt":"2026-04-29T09:30:30","guid":{"rendered":"https:\/\/vagas.portalemprego.com.br\/?p=3024"},"modified":"2026-04-29T06:30:30","modified_gmt":"2026-04-29T09:30:30","slug":"estagiario-de-letras-educacao-ensino-idiomas-resende","status":"publish","type":"post","link":"https:\/\/vagas.portalemprego.com.br\/?p=3024","title":{"rendered":"Estagi\u00e1rio de Letras &#8211; Educa\u00e7\u00e3o, Ensino, Idiomas &#8211; Resende"},"content":{"rendered":"<p>A BM VAGAS, em parceria com a Cultura Inglesa, seleciona Estagi\u00e1rio(a) em Letras para atua\u00e7\u00e3o presencial em Resende-RJ.<br \/>\nResponsabilidades<br \/>\nApoio em sala de aula para turmas de 3 a 7 anos<br \/>\nAux\u00edlio \u00e0s atividades pedag\u00f3gicas e rotina escolar<br \/>\nSuporte aos professores nas demandas do dia a dia<br \/>\nApoio em atividades acad\u00eamicas e organizacionais conforme necessidade<br \/>\nPerfil Comportamental<br \/>\nComunica\u00e7\u00e3o assertiva (clara, objetiva e no canal adequado)<br \/>\nPaci\u00eancia, empatia e habilidade com crian\u00e7as<br \/>\nOrganiza\u00e7\u00e3o e responsabilidade<br \/>\nPostura acolhedora e colaborativa<br \/>\nRequisitos<br \/>\nCursando Letras ou \u00e1reas correlatas<br \/>\nInteresse na \u00e1rea educacional<br \/>\nExperi\u00eancia em escolas\/cursos ser\u00e1 diferencial<br \/>\nAfinidade com ensino infantil<br \/>\nPreferencialmente perfil alinhado a valores crist\u00e3os<br \/>\nRemunera\u00e7\u00e3o e Benef\u00edcios<br \/>\nBolsa est\u00e1gio: R$ 690,00<br \/>\nVale Transporte ou Aux\u00edlio Mobilidade<br \/>\nSeguro de Vida<br \/>\nAux\u00edlio Funeral<br \/>\nBolsa integral de estudos na Cultura Inglesa<br \/>\nBolsa integral na SuperGeeks (programa\u00e7\u00e3o)<br \/>\nJornada de Trabalho (20h semanais)<br \/>\nSegunda a sexta: 08h00 \u00e0s 12h00<\/p>\n<ul>\n<li>Local de trabalho: Resende, RJ<\/li>\n<li>Regime de contrata\u00e7\u00e3o de tipo: Est\u00e1gio<\/li>\n<li>Jornada: Parcial manh\u00e3s<\/li>\n<li>\u00c1rea e especializa\u00e7\u00e3o profissional: Educa\u00e7\u00e3o, Ensino, Idiomas &#8211; Lingua Estrangeira:Ingl\u00eas<\/li>\n<li>N\u00edvel hier\u00e1rquico: Estagi\u00e1rio<\/li>\n<\/ul>\n<p>Escolaridade M\u00ednima: Ensino M\u00e9dio (2\u00ba Grau)<\/p>\n","protected":false},"excerpt":{"rendered":"<p>A BM VAGAS, em parceria com a Cultura Inglesa, seleciona Estagi\u00e1rio(a) em Letras para atua\u00e7\u00e3o presencial em Resende-RJ. Responsabilidades Apoio em sala de aula para turmas de 3 a 7 anos Aux\u00edlio \u00e0s atividades pedag\u00f3gicas e rotina escolar Suporte aos professores nas demandas do dia a dia Apoio em atividades acad\u00eamicas e organizacionais conforme necessidade [&hellip;]<\/p>\n","protected":false},"author":1,"featured_media":0,"comment_status":"open","ping_status":"open","sticky":false,"template":"","format":"standard","meta":{"footnotes":""},"categories":[21],"tags":[],"class_list":["post-3024","post","type-post","status-publish","format-standard","hentry","category-rio-de-janeiro-rj"],"_links":{"self":[{"href":"https:\/\/vagas.portalemprego.com.br\/index.php?rest_route=\/wp\/v2\/posts\/3024","targetHints":{"allow":["GET"]}}],"collection":[{"href":"https:\/\/vagas.portalemprego.com.br\/index.php?rest_route=\/wp\/v2\/posts"}],"about":[{"href":"https:\/\/vagas.portalemprego.com.br\/index.php?rest_route=\/wp\/v2\/types\/post"}],"author":[{"embeddable":true,"href":"https:\/\/vagas.portalemprego.com.br\/index.php?rest_route=\/wp\/v2\/users\/1"}],"replies":[{"embeddable":true,"href":"https:\/\/vagas.portalemprego.com.br\/index.php?rest_route=%2Fwp%2Fv2%2Fcomments&post=3024"}],"version-history":[{"count":0,"href":"https:\/\/vagas.portalemprego.com.br\/index.php?rest_route=\/wp\/v2\/posts\/3024\/revisions"}],"wp:attachment":[{"href":"https:\/\/vagas.portalemprego.com.br\/index.php?rest_route=%2Fwp%2Fv2%2Fmedia&parent=3024"}],"wp:term":[{"taxonomy":"category","embeddable":true,"href":"https:\/\/vagas.portalemprego.com.br\/index.php?rest_route=%2Fwp%2Fv2%2Fcategories&post=3024"},{"taxonomy":"post_tag","embeddable":true,"href":"https:\/\/vagas.portalemprego.com.br\/index.php?rest_route=%2Fwp%2Fv2%2Ftags&post=3024"}],"curies":[{"name":"wp","href":"https:\/\/api.w.org\/{rel}","templated":true}]}}