{"id":3140,"date":"2026-04-29T06:58:58","date_gmt":"2026-04-29T09:58:58","guid":{"rendered":"https:\/\/vagas.portalemprego.com.br\/?p=3140"},"modified":"2026-04-29T06:58:58","modified_gmt":"2026-04-29T09:58:58","slug":"vigilante-seguranca-santa-cruz-2","status":"publish","type":"post","link":"https:\/\/vagas.portalemprego.com.br\/?p=3140","title":{"rendered":"Vigilante &#8211; Seguran\u00e7a &#8211; Santa Cruz"},"content":{"rendered":"<p>Local:\u00a0Atender\u00a0os\u00a0postos\u00a0na\u00a0regi\u00e3o\u00a0de\u00a0Santa Cruz, Bangu, Campo Grande, Sant\u00edssimo e Serop\u00e9dica.\u00a0(Ter\u00a0moto,\u00a0ser\u00e1\u00a0pago\u00a0ajuda\u00a0de\u00a0custo)<br \/>\nCargo:\u00a0Vigilante<br \/>\nEscala:\u00a05&#215;2<br \/>\nDiurno:\u00a0das\u00a007h\u00a0\u00e0s\u00a016h48<br \/>\nSal\u00e1rio:\u00a0R$\u00a02.034,15\u00a0+\u00a030%\u00a0de\u00a0periculosidade<br \/>\nBenef\u00edcios:<br \/>\n*\u00a0Vale\u00a0Refei\u00e7\u00e3o\u00a0(VR)<br \/>\n*\u00a0Cesta\u00a0B\u00e1sica<br \/>\n*\u00a0Assist\u00eancia\u00a0M\u00e9dica<br \/>\n*\u00a0Seguro\u00a0de\u00a0Vida<\/p>\n<ul>\n<li>Local de trabalho: Santa Cruz, RJ<\/li>\n<li>Regime de contrata\u00e7\u00e3o de tipo: Efetivo \u2013 CLT<\/li>\n<li>Jornada: Per\u00edodo Integral<\/li>\n<li>\u00c1rea e especializa\u00e7\u00e3o profissional: Seguran\u00e7a &#8211; Vigil\u00e2ncia<\/li>\n<li>N\u00edvel hier\u00e1rquico: Operacional<\/li>\n<\/ul>\n<p>Escolaridade M\u00ednima: Ensino M\u00e9dio (2\u00ba Grau)<\/p>\n","protected":false},"excerpt":{"rendered":"<p>Local:\u00a0Atender\u00a0os\u00a0postos\u00a0na\u00a0regi\u00e3o\u00a0de\u00a0Santa Cruz, Bangu, Campo Grande, Sant\u00edssimo e Serop\u00e9dica.\u00a0(Ter\u00a0moto,\u00a0ser\u00e1\u00a0pago\u00a0ajuda\u00a0de\u00a0custo) Cargo:\u00a0Vigilante Escala:\u00a05&#215;2 Diurno:\u00a0das\u00a007h\u00a0\u00e0s\u00a016h48 Sal\u00e1rio:\u00a0R$\u00a02.034,15\u00a0+\u00a030%\u00a0de\u00a0periculosidade Benef\u00edcios: *\u00a0Vale\u00a0Refei\u00e7\u00e3o\u00a0(VR) *\u00a0Cesta\u00a0B\u00e1sica *\u00a0Assist\u00eancia\u00a0M\u00e9dica *\u00a0Seguro\u00a0de\u00a0Vida Local de trabalho: Santa Cruz, RJ Regime de contrata\u00e7\u00e3o de tipo: Efetivo \u2013 CLT Jornada: Per\u00edodo Integral \u00c1rea e especializa\u00e7\u00e3o profissional: Seguran\u00e7a &#8211; Vigil\u00e2ncia N\u00edvel hier\u00e1rquico: Operacional Escolaridade M\u00ednima: Ensino M\u00e9dio (2\u00ba Grau)<\/p>\n","protected":false},"author":1,"featured_media":0,"comment_status":"open","ping_status":"open","sticky":false,"template":"","format":"standard","meta":{"footnotes":""},"categories":[21],"tags":[],"class_list":["post-3140","post","type-post","status-publish","format-standard","hentry","category-rio-de-janeiro-rj"],"_links":{"self":[{"href":"https:\/\/vagas.portalemprego.com.br\/index.php?rest_route=\/wp\/v2\/posts\/3140","targetHints":{"allow":["GET"]}}],"collection":[{"href":"https:\/\/vagas.portalemprego.com.br\/index.php?rest_route=\/wp\/v2\/posts"}],"about":[{"href":"https:\/\/vagas.portalemprego.com.br\/index.php?rest_route=\/wp\/v2\/types\/post"}],"author":[{"embeddable":true,"href":"https:\/\/vagas.portalemprego.com.br\/index.php?rest_route=\/wp\/v2\/users\/1"}],"replies":[{"embeddable":true,"href":"https:\/\/vagas.portalemprego.com.br\/index.php?rest_route=%2Fwp%2Fv2%2Fcomments&post=3140"}],"version-history":[{"count":0,"href":"https:\/\/vagas.portalemprego.com.br\/index.php?rest_route=\/wp\/v2\/posts\/3140\/revisions"}],"wp:attachment":[{"href":"https:\/\/vagas.portalemprego.com.br\/index.php?rest_route=%2Fwp%2Fv2%2Fmedia&parent=3140"}],"wp:term":[{"taxonomy":"category","embeddable":true,"href":"https:\/\/vagas.portalemprego.com.br\/index.php?rest_route=%2Fwp%2Fv2%2Fcategories&post=3140"},{"taxonomy":"post_tag","embeddable":true,"href":"https:\/\/vagas.portalemprego.com.br\/index.php?rest_route=%2Fwp%2Fv2%2Ftags&post=3140"}],"curies":[{"name":"wp","href":"https:\/\/api.w.org\/{rel}","templated":true}]}}