{"id":3145,"date":"2026-04-29T06:58:58","date_gmt":"2026-04-29T09:58:58","guid":{"rendered":"https:\/\/vagas.portalemprego.com.br\/?p=3145"},"modified":"2026-04-29T06:58:58","modified_gmt":"2026-04-29T09:58:58","slug":"assistente-de-transporte-jr-logistica-rio-de-janeiro","status":"publish","type":"post","link":"https:\/\/vagas.portalemprego.com.br\/?p=3145","title":{"rendered":"Assistente de Transporte Jr &#8211; Log\u00edstica &#8211; Rio de Janeiro"},"content":{"rendered":"<p>RESPONSABILIDADES E ATRIBUI\u00c7\u00d5ES<br \/>\n\u2022 Realizar a roteiriza\u00e7\u00e3o di\u00e1ria dos pedidos, planejando rotas de forma estrat\u00e9gica para otimizar tempo, custos e produtividade;<br \/>\n\u2022 Garantir o correto direcionamento dos pedidos para as rotas, considerando restri\u00e7\u00f5es de entrega, prioridades e capacidade dos ve\u00edculos;<br \/>\n\u2022 Analisar e ajustar as rotas sempre que necess\u00e1rio, assegurando maior efici\u00eancia log\u00edstica e cumprimento dos prazos estabelecidos;<br \/>\n\u2022 Conferir a integridade e consist\u00eancia das informa\u00e7\u00f5es de pedidos antes da gera\u00e7\u00e3o das rotas.<br \/>\nManter interface com as \u00e1reas Comercial, Fiscal e de Transportes para alinhamento de prazos, volumes e prioridades de entrega;<br \/>\n\u2022 Elaborar relat\u00f3rios de performance das rotas, identificando oportunidades de melhoria no planejamento.<\/p>\n<p>REQUISITOS E QUALIFICA\u00c7\u00d5ES<br \/>\n\u2022 Ensino M\u00e9dio completo (desej\u00e1vel curso t\u00e9cnico ou superior cursando em Log\u00edstica ou \u00e1reas correlatas);<br \/>\n\u2022 Conhecimento intermedi\u00e1rio em Excel (PROCs, filtros, formata\u00e7\u00f5es e gr\u00e1ficos simples);<br \/>\n\u2022 Experi\u00eancia anterior com roteiriza\u00e7\u00e3o de pedidos e planejamento de rotas de entrega;<br \/>\n\u2022 Capacidade anal\u00edtica para otimiza\u00e7\u00e3o de rotas, considerando prazos, restri\u00e7\u00f5es e custos;<br \/>\n\u2022 Boa comunica\u00e7\u00e3o verbal e escrita para intera\u00e7\u00e3o com \u00e1reas internas e alinhamento de demandas;<br \/>\n\u2022 Proatividade, organiza\u00e7\u00e3o e aten\u00e7\u00e3o aos detalhes para garantir a efici\u00eancia no planejamento log\u00edstico.<\/p>\n<ul>\n<li>Local de trabalho: Rio de Janeiro, RJ<\/li>\n<li>Regime de contrata\u00e7\u00e3o de tipo: Efetivo \u2013 CLT<\/li>\n<li>Jornada: Per\u00edodo Integral<\/li>\n<li>\u00c1rea e especializa\u00e7\u00e3o profissional: Log\u00edstica &#8211; Transporte<\/li>\n<li>N\u00edvel hier\u00e1rquico: Assistente<\/li>\n<\/ul>\n<p>VALORIZADO<\/p>\n<p>Tempo de experi\u00eancia: Entre 1 e 3 anos<\/p>\n<p>Escolaridade M\u00ednima: Ensino M\u00e9dio (2\u00ba Grau)<\/p>\n<ul>\n<li>Vale transporte<\/li>\n<li>Refei\u00e7\u00e3o no local<\/li>\n<li>Day off<\/li>\n<li>Desconto em produtos<\/li>\n<li>Plano de sa\u00fade<\/li>\n<li>Assist\u00eancia odontol\u00f3gica<\/li>\n<\/ul>\n","protected":false},"excerpt":{"rendered":"<p>RESPONSABILIDADES E ATRIBUI\u00c7\u00d5ES \u2022 Realizar a roteiriza\u00e7\u00e3o di\u00e1ria dos pedidos, planejando rotas de forma estrat\u00e9gica para otimizar tempo, custos e produtividade; \u2022 Garantir o correto direcionamento dos pedidos para as rotas, considerando restri\u00e7\u00f5es de entrega, prioridades e capacidade dos ve\u00edculos; \u2022 Analisar e ajustar as rotas sempre que necess\u00e1rio, assegurando maior efici\u00eancia log\u00edstica e cumprimento [&hellip;]<\/p>\n","protected":false},"author":1,"featured_media":0,"comment_status":"open","ping_status":"open","sticky":false,"template":"","format":"standard","meta":{"footnotes":""},"categories":[21],"tags":[],"class_list":["post-3145","post","type-post","status-publish","format-standard","hentry","category-rio-de-janeiro-rj"],"_links":{"self":[{"href":"https:\/\/vagas.portalemprego.com.br\/index.php?rest_route=\/wp\/v2\/posts\/3145","targetHints":{"allow":["GET"]}}],"collection":[{"href":"https:\/\/vagas.portalemprego.com.br\/index.php?rest_route=\/wp\/v2\/posts"}],"about":[{"href":"https:\/\/vagas.portalemprego.com.br\/index.php?rest_route=\/wp\/v2\/types\/post"}],"author":[{"embeddable":true,"href":"https:\/\/vagas.portalemprego.com.br\/index.php?rest_route=\/wp\/v2\/users\/1"}],"replies":[{"embeddable":true,"href":"https:\/\/vagas.portalemprego.com.br\/index.php?rest_route=%2Fwp%2Fv2%2Fcomments&post=3145"}],"version-history":[{"count":0,"href":"https:\/\/vagas.portalemprego.com.br\/index.php?rest_route=\/wp\/v2\/posts\/3145\/revisions"}],"wp:attachment":[{"href":"https:\/\/vagas.portalemprego.com.br\/index.php?rest_route=%2Fwp%2Fv2%2Fmedia&parent=3145"}],"wp:term":[{"taxonomy":"category","embeddable":true,"href":"https:\/\/vagas.portalemprego.com.br\/index.php?rest_route=%2Fwp%2Fv2%2Fcategories&post=3145"},{"taxonomy":"post_tag","embeddable":true,"href":"https:\/\/vagas.portalemprego.com.br\/index.php?rest_route=%2Fwp%2Fv2%2Ftags&post=3145"}],"curies":[{"name":"wp","href":"https:\/\/api.w.org\/{rel}","templated":true}]}}