{"id":3150,"date":"2026-04-29T06:59:59","date_gmt":"2026-04-29T09:59:59","guid":{"rendered":"https:\/\/vagas.portalemprego.com.br\/?p=3150"},"modified":"2026-04-29T06:59:59","modified_gmt":"2026-04-29T09:59:59","slug":"assistente-comercial-vaga-afirmativa-tambem-para-o-publico-pcd-comercial-vendas-rio-de-janeiro","status":"publish","type":"post","link":"https:\/\/vagas.portalemprego.com.br\/?p=3150","title":{"rendered":"Assistente Comercial &#8211; Vaga Afirmativa tamb\u00e9m para o p\u00fablico PCD &#8211; Comercial, Vendas &#8211; Rio de Janeiro"},"content":{"rendered":"<p>Esta vaga tamb\u00e9m \u00e9 destinada a Pessoas com Defici\u00eancia (PCD). Valorizamos a diversidade e incentivamos a candidatura de profissionais de todos os perfis. Apoiar a gest\u00e3o dos processos administrativos e comerciais da \u00e1rea; Realizar cadastros, controles e atualiza\u00e7\u00f5es em sistemas corporativos (ERP, CRM e plataformas internas); Apoiar a gest\u00e3o documental de clientes, contratos e fornecedores; Elaborar e atualizar relat\u00f3rios gerenciais e controles internos; Dar suporte \u00e0 organiza\u00e7\u00e3o de viagens e demandas operacionais da \u00e1rea; Garantir a organiza\u00e7\u00e3o, padroniza\u00e7\u00e3o e melhoria cont\u00ednua dos fluxos administrativos; Interagir com \u00e1reas internas para assegurar o correto andamento dos processos comerciais; Apoiar a gest\u00e3o e acompanhamento do pipeline de vendas; Participar do contato inicial com clientes e follow-ups comerciais; Apoiar na elabora\u00e7\u00e3o e organiza\u00e7\u00e3o de propostas comerciais; Desenvolver vis\u00e3o estrat\u00e9gica do ciclo completo de vendas; No ManpowerGroup, a sua carreira tem um novo rumo! Se voc\u00ea est\u00e1 em busca de crescimento, desafios e um ambiente que valoriza o seu poten<br \/>\nRequisitos e qualifica\u00e7\u00f5es<br \/>\nEnsino superior em andamento ou conclu\u00eddo (Administra\u00e7\u00e3o, Engenharia, Marketing, Com\u00e9rcio Exterior ou \u00e1reas correlatas); Experi\u00eancia pr\u00e9via em rotinas administrativas ou comerciais; Familiaridade com sistemas corporativos (ERP, CRM, planilhas e ferramentas digitais); Ingl\u00eas ou Espanhol intermedi\u00e1rio (leitura, escrita e comunica\u00e7\u00e3o); Conhecimento nas duas l\u00ednguas ser\u00e1 considerado diferencial; Diferenciais Experi\u00eancia com processos comerciais B2B; Viv\u00eancia em empresas de tecnologia; Experi\u00eancia com melhoria de processos; Conhecimento em ferramentas de an\u00e1lise de dados (ex: Power BI). #Comercial #VagaAfirmativaPCD #Inclus\u00e3oNoTrabalho #Vendas #OportunidadeDeEmprego #ManpowerGroup #VagasManpowerGroup #Manpower<\/p>\n<ul>\n<li>Local de trabalho: Rio de Janeiro, RJ<\/li>\n<li>Regime de contrata\u00e7\u00e3o de tipo: Efetivo \u2013 CLT<\/li>\n<li>Jornada: Per\u00edodo Integral<\/li>\n<li>\u00c1rea e especializa\u00e7\u00e3o profissional: Comercial, Vendas &#8211; Representa\u00e7\u00e3o Comercial<\/li>\n<li>N\u00edvel hier\u00e1rquico: Assistente<\/li>\n<\/ul>\n<p>Escolaridade M\u00ednima: Ensino Superior<\/p>\n<ul>\n<li>Vale Refei\u00e7\u00e3o; Vale Transporte; Assistencia m\u00e9dica; Assistencia Odonto; Seguro de Vida.<\/li>\n<\/ul>\n","protected":false},"excerpt":{"rendered":"<p>Esta vaga tamb\u00e9m \u00e9 destinada a Pessoas com Defici\u00eancia (PCD). Valorizamos a diversidade e incentivamos a candidatura de profissionais de todos os perfis. Apoiar a gest\u00e3o dos processos administrativos e comerciais da \u00e1rea; Realizar cadastros, controles e atualiza\u00e7\u00f5es em sistemas corporativos (ERP, CRM e plataformas internas); Apoiar a gest\u00e3o documental de clientes, contratos e fornecedores; [&hellip;]<\/p>\n","protected":false},"author":1,"featured_media":0,"comment_status":"open","ping_status":"open","sticky":false,"template":"","format":"standard","meta":{"footnotes":""},"categories":[21],"tags":[],"class_list":["post-3150","post","type-post","status-publish","format-standard","hentry","category-rio-de-janeiro-rj"],"_links":{"self":[{"href":"https:\/\/vagas.portalemprego.com.br\/index.php?rest_route=\/wp\/v2\/posts\/3150","targetHints":{"allow":["GET"]}}],"collection":[{"href":"https:\/\/vagas.portalemprego.com.br\/index.php?rest_route=\/wp\/v2\/posts"}],"about":[{"href":"https:\/\/vagas.portalemprego.com.br\/index.php?rest_route=\/wp\/v2\/types\/post"}],"author":[{"embeddable":true,"href":"https:\/\/vagas.portalemprego.com.br\/index.php?rest_route=\/wp\/v2\/users\/1"}],"replies":[{"embeddable":true,"href":"https:\/\/vagas.portalemprego.com.br\/index.php?rest_route=%2Fwp%2Fv2%2Fcomments&post=3150"}],"version-history":[{"count":0,"href":"https:\/\/vagas.portalemprego.com.br\/index.php?rest_route=\/wp\/v2\/posts\/3150\/revisions"}],"wp:attachment":[{"href":"https:\/\/vagas.portalemprego.com.br\/index.php?rest_route=%2Fwp%2Fv2%2Fmedia&parent=3150"}],"wp:term":[{"taxonomy":"category","embeddable":true,"href":"https:\/\/vagas.portalemprego.com.br\/index.php?rest_route=%2Fwp%2Fv2%2Fcategories&post=3150"},{"taxonomy":"post_tag","embeddable":true,"href":"https:\/\/vagas.portalemprego.com.br\/index.php?rest_route=%2Fwp%2Fv2%2Ftags&post=3150"}],"curies":[{"name":"wp","href":"https:\/\/api.w.org\/{rel}","templated":true}]}}