{"id":3155,"date":"2026-04-29T06:59:59","date_gmt":"2026-04-29T09:59:59","guid":{"rendered":"https:\/\/vagas.portalemprego.com.br\/?p=3155"},"modified":"2026-04-29T06:59:59","modified_gmt":"2026-04-29T09:59:59","slug":"cuidador-saude-rio-de-janeiro","status":"publish","type":"post","link":"https:\/\/vagas.portalemprego.com.br\/?p=3155","title":{"rendered":"Cuidador &#8211; Sa\u00fade &#8211; Rio de Janeiro"},"content":{"rendered":"<p>Responsabilidades e Atribui\u00e7\u00f5es do Cargo:<\/p>\n<p>&#8211; Cuidar dos residentes da unidade, conforme normas, procedimentos e orienta\u00e7\u00f5es dos respons\u00e1veis diretos, zelando pelo bem-estar, seguran\u00e7a, sa\u00fade, alimenta\u00e7\u00e3o, higiene pessoal, recrea\u00e7\u00e3o e lazer da pessoa assistida e seguir o plano de cuidados preconizado pela equipe m\u00e9dica e de enfermagem de forma a garantir a manuten\u00e7\u00e3o do estado psico-fisiol\u00f3gico do residente atrav\u00e9s da companhia e atividades ocupacionais e terap\u00eauticas prescritas.<br \/>\n&#8211; Auxiliar e\/ou realizar aten\u00e7\u00e3o adequada aos residentes que apresentam limita\u00e7\u00f5es para as atividades b\u00e1sicas e instrumentais da vida di\u00e1ria, estimulando a independ\u00eancia e respeitando \u00e0 sua autonomia;<br \/>\n&#8211; Auxiliar o residente\/idoso quanto ao uso adequado da medica\u00e7\u00e3o ia oral, ocular, nasal, nebuliza\u00e7\u00e3o e t\u00f3pica, conforme orienta\u00e7\u00e3o m\u00e9dica;<br \/>\n&#8211; Cuidar da higiene pessoal e tamb\u00e9m do vestu\u00e1rio, bem como, da higiene do espa\u00e7o reservado ao residente, geralmente o seu quarto;<br \/>\n&#8211; Ajudar, estimular e realizar, as atividades de vida di\u00e1ria, tais como, higiene pessoal e bucal, alimenta\u00e7\u00e3o, locomo\u00e7\u00e3o, auxiliando na autossufici\u00eancia da pessoa idosa, fazer com ela e n\u00e3o para ela.<br \/>\n&#8211; Seguir as dietas e recomenda\u00e7\u00f5es indicadas pelos profissionais de nutri\u00e7\u00e3o, estimular e auxiliar o residente em sua alimenta\u00e7\u00e3o;<br \/>\n&#8211; Apoiar o residente em sua locomo\u00e7\u00e3o, ajudando-o tamb\u00e9m, em outros exerc\u00edcios recomendados por profissionais;<br \/>\n&#8211; Fazer companhia para o residente, conversar sobre assuntos do seu interesse, ajudar em trabalhos manuais, acompanh\u00e1-lo nas consultas m\u00e9dicas e procedimentos internos da unidade;<br \/>\n&#8211; Apoiar e estimular a vida social do residente, conforme sua condi\u00e7\u00e3o, de modo a que permane\u00e7a ativo e participativo, para sentir-se valorizado, preservando a autoestima e incentivando a comunica\u00e7\u00e3o e socializa\u00e7\u00e3o atrav\u00e9s do conv\u00edvio, recrea\u00e7\u00e3o e lazer;<br \/>\n&#8211; Zelar pela seguran\u00e7a do residente observando a estrutura f\u00edsica (barras, pisos antiderrapantes e outros), procedimentos adotados, necessidades de manuten\u00e7\u00e3o predial, prescri\u00e7\u00e3o de \u00f3rteses e demais aparatos;&#8221;<\/p>\n<p>Pr\u00e9 requisitos e qualifica\u00e7\u00f5es:<br \/>\n&#8211; Ensino M\u00e9dio Completo;<br \/>\n&#8211; Curso de cuidador de idosos (obrigat\u00f3rio)<br \/>\n&#8211; Experi\u00eancia em cuidados com idosos em ILPIs e\/ou resid\u00eancias. Tendo experi\u00eancia em apoio de banho, alimenta\u00e7\u00e3o, mudan\u00e7a de dec\u00fabito e transfer\u00eancia de leito x cadeira.<\/p>\n<ul>\n<li>Local de trabalho: Rio de Janeiro, RJ<\/li>\n<li>Regime de contrata\u00e7\u00e3o de tipo: Efetivo \u2013 CLT<\/li>\n<li>Jornada: Per\u00edodo Integral<\/li>\n<li>\u00c1rea e especializa\u00e7\u00e3o profissional: Sa\u00fade &#8211; Enfermagem<\/li>\n<li>N\u00edvel hier\u00e1rquico: Operacional<\/li>\n<\/ul>\n<p>Escolaridade M\u00ednima: Ensino M\u00e9dio (2\u00ba Grau)<\/p>\n<p>Forma\u00e7\u00e3o desejada:<\/p>\n<ul>\n<li>Ensino M\u00e9dio (2\u00ba Grau)<\/li>\n<\/ul>\n<ul>\n<li>Vale-transporte<\/li>\n<li>Vale-alimenta\u00e7\u00e3o<\/li>\n<li>Assist\u00eancia m\u00e9dica<\/li>\n<li>Assist\u00eancia odontol\u00f3gica<\/li>\n<li>Refei\u00e7\u00e3o no local<\/li>\n<li>Seguro de Vida<\/li>\n<\/ul>\n","protected":false},"excerpt":{"rendered":"<p>Responsabilidades e Atribui\u00e7\u00f5es do Cargo: &#8211; Cuidar dos residentes da unidade, conforme normas, procedimentos e orienta\u00e7\u00f5es dos respons\u00e1veis diretos, zelando pelo bem-estar, seguran\u00e7a, sa\u00fade, alimenta\u00e7\u00e3o, higiene pessoal, recrea\u00e7\u00e3o e lazer da pessoa assistida e seguir o plano de cuidados preconizado pela equipe m\u00e9dica e de enfermagem de forma a garantir a manuten\u00e7\u00e3o do estado psico-fisiol\u00f3gico [&hellip;]<\/p>\n","protected":false},"author":1,"featured_media":0,"comment_status":"open","ping_status":"open","sticky":false,"template":"","format":"standard","meta":{"footnotes":""},"categories":[21],"tags":[],"class_list":["post-3155","post","type-post","status-publish","format-standard","hentry","category-rio-de-janeiro-rj"],"_links":{"self":[{"href":"https:\/\/vagas.portalemprego.com.br\/index.php?rest_route=\/wp\/v2\/posts\/3155","targetHints":{"allow":["GET"]}}],"collection":[{"href":"https:\/\/vagas.portalemprego.com.br\/index.php?rest_route=\/wp\/v2\/posts"}],"about":[{"href":"https:\/\/vagas.portalemprego.com.br\/index.php?rest_route=\/wp\/v2\/types\/post"}],"author":[{"embeddable":true,"href":"https:\/\/vagas.portalemprego.com.br\/index.php?rest_route=\/wp\/v2\/users\/1"}],"replies":[{"embeddable":true,"href":"https:\/\/vagas.portalemprego.com.br\/index.php?rest_route=%2Fwp%2Fv2%2Fcomments&post=3155"}],"version-history":[{"count":0,"href":"https:\/\/vagas.portalemprego.com.br\/index.php?rest_route=\/wp\/v2\/posts\/3155\/revisions"}],"wp:attachment":[{"href":"https:\/\/vagas.portalemprego.com.br\/index.php?rest_route=%2Fwp%2Fv2%2Fmedia&parent=3155"}],"wp:term":[{"taxonomy":"category","embeddable":true,"href":"https:\/\/vagas.portalemprego.com.br\/index.php?rest_route=%2Fwp%2Fv2%2Fcategories&post=3155"},{"taxonomy":"post_tag","embeddable":true,"href":"https:\/\/vagas.portalemprego.com.br\/index.php?rest_route=%2Fwp%2Fv2%2Ftags&post=3155"}],"curies":[{"name":"wp","href":"https:\/\/api.w.org\/{rel}","templated":true}]}}