{"id":3156,"date":"2026-04-29T06:59:59","date_gmt":"2026-04-29T09:59:59","guid":{"rendered":"https:\/\/vagas.portalemprego.com.br\/?p=3156"},"modified":"2026-04-29T06:59:59","modified_gmt":"2026-04-29T09:59:59","slug":"recepcionista-administracao-rio-de-janeiro-6","status":"publish","type":"post","link":"https:\/\/vagas.portalemprego.com.br\/?p=3156","title":{"rendered":"Recepcionista &#8211; Administra\u00e7\u00e3o &#8211; Rio de Janeiro"},"content":{"rendered":"<p>Recepcionar residentes familiares  e visitantes procurando identific\u00e1-los, averiguando suas pretens\u00f5es para prestar-lhes informa\u00e7\u00f5es e\/ou encaminh\u00e1-los a pessoas ou setor procurados. Atender chamadas telef\u00f4nicas. Anotar recados. Prestar informa\u00e7\u00f5es.<\/p>\n<p>Responsabilidades e Atribui\u00e7\u00f5es do Cargo:<br \/>\n&#8211; Controle de acesso;<br \/>\n&#8211; Atendimento ao cliente;<br \/>\n&#8211; Quest\u00f5es administrativas;<br \/>\n&#8211; Atendimento ao telefone;<\/p>\n<ul>\n<li>Local de trabalho: Rio de Janeiro, RJ<\/li>\n<li>Regime de contrata\u00e7\u00e3o de tipo: Efetivo \u2013 CLT<\/li>\n<li>Jornada: Per\u00edodo Integral<\/li>\n<li>\u00c1rea e especializa\u00e7\u00e3o profissional: Administra\u00e7\u00e3o &#8211; Recep\u00e7\u00e3o<\/li>\n<li>N\u00edvel hier\u00e1rquico: Operacional<\/li>\n<\/ul>\n<p>Escolaridade M\u00ednima: Ensino M\u00e9dio (2\u00ba Grau)<\/p>\n<p>Forma\u00e7\u00e3o desejada:<\/p>\n<ul>\n<li>Ensino M\u00e9dio (2\u00ba Grau)<\/li>\n<\/ul>\n","protected":false},"excerpt":{"rendered":"<p>Recepcionar residentes familiares e visitantes procurando identific\u00e1-los, averiguando suas pretens\u00f5es para prestar-lhes informa\u00e7\u00f5es e\/ou encaminh\u00e1-los a pessoas ou setor procurados. Atender chamadas telef\u00f4nicas. Anotar recados. Prestar informa\u00e7\u00f5es. Responsabilidades e Atribui\u00e7\u00f5es do Cargo: &#8211; Controle de acesso; &#8211; Atendimento ao cliente; &#8211; Quest\u00f5es administrativas; &#8211; Atendimento ao telefone; Local de trabalho: Rio de Janeiro, RJ Regime [&hellip;]<\/p>\n","protected":false},"author":1,"featured_media":0,"comment_status":"open","ping_status":"open","sticky":false,"template":"","format":"standard","meta":{"footnotes":""},"categories":[21],"tags":[],"class_list":["post-3156","post","type-post","status-publish","format-standard","hentry","category-rio-de-janeiro-rj"],"_links":{"self":[{"href":"https:\/\/vagas.portalemprego.com.br\/index.php?rest_route=\/wp\/v2\/posts\/3156","targetHints":{"allow":["GET"]}}],"collection":[{"href":"https:\/\/vagas.portalemprego.com.br\/index.php?rest_route=\/wp\/v2\/posts"}],"about":[{"href":"https:\/\/vagas.portalemprego.com.br\/index.php?rest_route=\/wp\/v2\/types\/post"}],"author":[{"embeddable":true,"href":"https:\/\/vagas.portalemprego.com.br\/index.php?rest_route=\/wp\/v2\/users\/1"}],"replies":[{"embeddable":true,"href":"https:\/\/vagas.portalemprego.com.br\/index.php?rest_route=%2Fwp%2Fv2%2Fcomments&post=3156"}],"version-history":[{"count":0,"href":"https:\/\/vagas.portalemprego.com.br\/index.php?rest_route=\/wp\/v2\/posts\/3156\/revisions"}],"wp:attachment":[{"href":"https:\/\/vagas.portalemprego.com.br\/index.php?rest_route=%2Fwp%2Fv2%2Fmedia&parent=3156"}],"wp:term":[{"taxonomy":"category","embeddable":true,"href":"https:\/\/vagas.portalemprego.com.br\/index.php?rest_route=%2Fwp%2Fv2%2Fcategories&post=3156"},{"taxonomy":"post_tag","embeddable":true,"href":"https:\/\/vagas.portalemprego.com.br\/index.php?rest_route=%2Fwp%2Fv2%2Ftags&post=3156"}],"curies":[{"name":"wp","href":"https:\/\/api.w.org\/{rel}","templated":true}]}}