{"id":3158,"date":"2026-04-29T06:59:59","date_gmt":"2026-04-29T09:59:59","guid":{"rendered":"https:\/\/vagas.portalemprego.com.br\/?p=3158"},"modified":"2026-04-29T06:59:59","modified_gmt":"2026-04-29T09:59:59","slug":"banco-de-talentos-administracao-rio-de-janeiro","status":"publish","type":"post","link":"https:\/\/vagas.portalemprego.com.br\/?p=3158","title":{"rendered":"Banco de Talentos &#8211; Administra\u00e7\u00e3o &#8211; Rio de Janeiro"},"content":{"rendered":"<p>Este processo \u00e9 destinado ao nosso Banco de Talentos, com o objetivo de captar e identificar perfis aderentes para posi\u00e7\u00f5es que possam surgir em diferentes \u00e1reas e n\u00edveis de atua\u00e7\u00e3o.<br \/>\nAo se cadastrar, seu curr\u00edculo ficar\u00e1 em nossa base e poder\u00e1 ser considerado em processos seletivos compat\u00edveis com sua experi\u00eancia, forma\u00e7\u00e3o e interesses profissionais.<br \/>\nCaso haja uma oportunidade alinhada ao seu perfil, nosso time poder\u00e1 entrar em contato para dar continuidade \u00e0 avalia\u00e7\u00e3o.<br \/>\nIMPORTANCIA DA ATUALIZA\u00c7\u00c3O DOS DADOS<br \/>\nPreencha todas as informa\u00e7\u00f5es, e mantenha seus dados atualizados para aumentar suas chances de participa\u00e7\u00e3o em futuras oportunidades. Vai ser importante que possa fornecer o seu CV em formato de PDF e as informa\u00e7\u00f5es completas para o contato futuro. <\/p>\n<p>Agradecemos seu interesse em fazer parte do Banco de Talentos da MANNUS RH.<\/p>\n<ul>\n<li>Local de trabalho: Rio de Janeiro, RJ<\/li>\n<li>Regime de contrata\u00e7\u00e3o de tipo: Efetivo \u2013 CLT<\/li>\n<li>Jornada: Per\u00edodo Integral<\/li>\n<li>\u00c1rea e especializa\u00e7\u00e3o profissional: Administra\u00e7\u00e3o &#8211; Administra\u00e7\u00e3o Geral<\/li>\n<li>N\u00edvel hier\u00e1rquico: Especialista<\/li>\n<\/ul>\n<p>Escolaridade M\u00ednima: Ensino Superior<\/p>\n<p>Disponibilidade para mudar de resid\u00eancia<\/p>\n","protected":false},"excerpt":{"rendered":"<p>Este processo \u00e9 destinado ao nosso Banco de Talentos, com o objetivo de captar e identificar perfis aderentes para posi\u00e7\u00f5es que possam surgir em diferentes \u00e1reas e n\u00edveis de atua\u00e7\u00e3o. Ao se cadastrar, seu curr\u00edculo ficar\u00e1 em nossa base e poder\u00e1 ser considerado em processos seletivos compat\u00edveis com sua experi\u00eancia, forma\u00e7\u00e3o e interesses profissionais. Caso [&hellip;]<\/p>\n","protected":false},"author":1,"featured_media":0,"comment_status":"open","ping_status":"open","sticky":false,"template":"","format":"standard","meta":{"footnotes":""},"categories":[21],"tags":[],"class_list":["post-3158","post","type-post","status-publish","format-standard","hentry","category-rio-de-janeiro-rj"],"_links":{"self":[{"href":"https:\/\/vagas.portalemprego.com.br\/index.php?rest_route=\/wp\/v2\/posts\/3158","targetHints":{"allow":["GET"]}}],"collection":[{"href":"https:\/\/vagas.portalemprego.com.br\/index.php?rest_route=\/wp\/v2\/posts"}],"about":[{"href":"https:\/\/vagas.portalemprego.com.br\/index.php?rest_route=\/wp\/v2\/types\/post"}],"author":[{"embeddable":true,"href":"https:\/\/vagas.portalemprego.com.br\/index.php?rest_route=\/wp\/v2\/users\/1"}],"replies":[{"embeddable":true,"href":"https:\/\/vagas.portalemprego.com.br\/index.php?rest_route=%2Fwp%2Fv2%2Fcomments&post=3158"}],"version-history":[{"count":0,"href":"https:\/\/vagas.portalemprego.com.br\/index.php?rest_route=\/wp\/v2\/posts\/3158\/revisions"}],"wp:attachment":[{"href":"https:\/\/vagas.portalemprego.com.br\/index.php?rest_route=%2Fwp%2Fv2%2Fmedia&parent=3158"}],"wp:term":[{"taxonomy":"category","embeddable":true,"href":"https:\/\/vagas.portalemprego.com.br\/index.php?rest_route=%2Fwp%2Fv2%2Fcategories&post=3158"},{"taxonomy":"post_tag","embeddable":true,"href":"https:\/\/vagas.portalemprego.com.br\/index.php?rest_route=%2Fwp%2Fv2%2Ftags&post=3158"}],"curies":[{"name":"wp","href":"https:\/\/api.w.org\/{rel}","templated":true}]}}