{"id":3160,"date":"2026-04-29T06:59:59","date_gmt":"2026-04-29T09:59:59","guid":{"rendered":"https:\/\/vagas.portalemprego.com.br\/?p=3160"},"modified":"2026-04-29T06:59:59","modified_gmt":"2026-04-29T09:59:59","slug":"analista-de-departamento-pessoal-senior-recursos-humanos-rio-de-janeiro","status":"publish","type":"post","link":"https:\/\/vagas.portalemprego.com.br\/?p=3160","title":{"rendered":"Analista de Departamento Pessoal S\u00eanior &#8211; Recursos Humanos &#8211; Rio de Janeiro"},"content":{"rendered":"<p>Junte-se a Forvis Mazars<\/p>\n<p>Voc\u00ea \u00e9 movido por desafios, tem sede de aprendizado e quer construir uma carreira s\u00f3lida em uma empresa global, essa vaga \u00e9 pra voc\u00ea!<\/p>\n<p>Sobre N\u00f3s<\/p>\n<p>Seja parte de uma empresa l\u00edder em auditoria, consultoria tribut\u00e1ria e consultoria empresarial, com presen\u00e7a em mais de 100 pa\u00edses e uma equipe de mais de 40.000 profissionais. Aqui, voc\u00ea ter\u00e1 acesso a exposi\u00e7\u00e3o global, desenvolvimento cont\u00ednuo e projetos que fazem a diferen\u00e7a.<br \/>\nNa Forvis Mazars, voc\u00ea cresce e pertence a uma rede diversa e gera impacto no mundo dos neg\u00f3cios e na sociedade. Fa\u00e7a parte de um ambiente colaborativo, onde suas ideias s\u00e3o valorizadas e onde o sucesso acontece em equipe.<\/p>\n<p>Sua Jornada Conosco<\/p>\n<p>Aqui, voc\u00ea ter\u00e1 a chance de trabalhar com um time de alto n\u00edvel atendendo clientes globais, construindo conex\u00f5es valiosas e evoluindo suas habilidades e compet\u00eancias. Oferecemos programas de treinamento focados no seu crescimento e qualifica\u00e7\u00e3o, programas de desenvolvimento &amp; performance e um ambiente que promove a excel\u00eancia e aprendizado. Al\u00e9m do trabalho, cuidamos do seu bem-estar, garantindo um ambiente acolhedor, cultivando a riqueza das rela\u00e7\u00f5es interpessoais.<\/p>\n<p>Sobre a \u00e1rea<\/p>\n<p>Na nossa Contabilidade voc\u00ea ter\u00e1 oportunidades de desenvolvimento profissional com intera\u00e7\u00f5es e responsabilidades entre as principais linhas de frente de neg\u00f3cio, atrav\u00e9s disso voc\u00ea ter\u00e1 um contato maior com o time no que tange ao processo cont\u00e1bil desde o in\u00edcio de um projeto at\u00e9 o fim.<\/p>\n<p>Responsabilidades e Atribui\u00e7\u00f5es<\/p>\n<p>&#8211; Processar e conferir folha de pagamento, encargos e benef\u00edcios;<br \/>\n&#8211; Gerir e acompanhar afastamentos, licen\u00e7as e atestados;<br \/>\n&#8211; Atuar com obriga\u00e7\u00f5es acess\u00f3rias: eSocial, CAGED, SEFIP, RAIS, DIRF, entre outras;<br \/>\n&#8211; Realizar fechamento cont\u00e1bil e provis\u00f5es de folha;<br \/>\n&#8211; Dar suporte \u00e0s auditorias internas e externas;<br \/>\n&#8211; Manter atualizados os cadastros no sistema RM Totvs e propor melhorias nos processos automatizados;<br \/>\n&#8211; Esclarecer d\u00favidas de colaboradores e gestores quanto a legisla\u00e7\u00e3o trabalhista e procedimentos internos.<\/p>\n<ul>\n<li>Local de trabalho: Rio de Janeiro, RJ<\/li>\n<li>Regime de contrata\u00e7\u00e3o de tipo: Efetivo \u2013 CLT<\/li>\n<li>Jornada: Per\u00edodo Integral<\/li>\n<li>\u00c1rea e especializa\u00e7\u00e3o profissional: Recursos Humanos &#8211; Departamento Pessoal<\/li>\n<li>N\u00edvel hier\u00e1rquico: Analista<\/li>\n<\/ul>\n<p>HABILIDADES<\/p>\n<ul>\n<li>Excel intermedi\u00e1rio a avan\u00e7ado;<\/li>\n<li>Conhecimento b\u00e1sico do processo de fechamento de folha;<\/li>\n<li>Conhecimento no sistema RM Labore<\/li>\n<li>Desej\u00e1vel conhecimento em ERP;<\/li>\n<\/ul>\n<p>Escolaridade M\u00ednima: Ensino Superior<\/p>\n<p>Forma\u00e7\u00e3o desejada:<\/p>\n<ul>\n<li>Gest\u00e3o de Recursos Humanos, Ensino Superior<\/li>\n<li>Administra\u00e7\u00e3o de empresas, Ensino Superior<\/li>\n<li>Ci\u00eancias cont\u00e1beis, Ensino Superior<\/li>\n<\/ul>\n<p>Idiomas:<\/p>\n<ul>\n<li>Ingl\u00eas (Avan\u00e7ado)<\/li>\n<\/ul>\n<ul>\n<li>Auxilio home office<\/li>\n<li>Aux\u00edlio creche<\/li>\n<li>Vale Refei\u00e7\u00e3o\/Alimenta\u00e7\u00e3o<\/li>\n<li>Conv\u00eanio com o SESC<\/li>\n<li>Conv\u00eanios educacionais<\/li>\n<li>Servi\u00e7o de telemedicina<\/li>\n<li>Assist\u00eancia M\u00e9dica<\/li>\n<li>Conv\u00eanio com academias<\/li>\n<li>Forvis Mazars Cuida &#8211; Cuidados com o seu bem-estar<\/li>\n<li>Vale Transporte<\/li>\n<li>Canal de apoio psicol\u00f3gico<\/li>\n<li>Assist\u00eancia Odontol\u00f3gica<\/li>\n<li>Seguro de vida<\/li>\n<\/ul>\n","protected":false},"excerpt":{"rendered":"<p>Junte-se a Forvis Mazars Voc\u00ea \u00e9 movido por desafios, tem sede de aprendizado e quer construir uma carreira s\u00f3lida em uma empresa global, essa vaga \u00e9 pra voc\u00ea! Sobre N\u00f3s Seja parte de uma empresa l\u00edder em auditoria, consultoria tribut\u00e1ria e consultoria empresarial, com presen\u00e7a em mais de 100 pa\u00edses e uma equipe de mais [&hellip;]<\/p>\n","protected":false},"author":1,"featured_media":0,"comment_status":"open","ping_status":"open","sticky":false,"template":"","format":"standard","meta":{"footnotes":""},"categories":[21],"tags":[],"class_list":["post-3160","post","type-post","status-publish","format-standard","hentry","category-rio-de-janeiro-rj"],"_links":{"self":[{"href":"https:\/\/vagas.portalemprego.com.br\/index.php?rest_route=\/wp\/v2\/posts\/3160","targetHints":{"allow":["GET"]}}],"collection":[{"href":"https:\/\/vagas.portalemprego.com.br\/index.php?rest_route=\/wp\/v2\/posts"}],"about":[{"href":"https:\/\/vagas.portalemprego.com.br\/index.php?rest_route=\/wp\/v2\/types\/post"}],"author":[{"embeddable":true,"href":"https:\/\/vagas.portalemprego.com.br\/index.php?rest_route=\/wp\/v2\/users\/1"}],"replies":[{"embeddable":true,"href":"https:\/\/vagas.portalemprego.com.br\/index.php?rest_route=%2Fwp%2Fv2%2Fcomments&post=3160"}],"version-history":[{"count":0,"href":"https:\/\/vagas.portalemprego.com.br\/index.php?rest_route=\/wp\/v2\/posts\/3160\/revisions"}],"wp:attachment":[{"href":"https:\/\/vagas.portalemprego.com.br\/index.php?rest_route=%2Fwp%2Fv2%2Fmedia&parent=3160"}],"wp:term":[{"taxonomy":"category","embeddable":true,"href":"https:\/\/vagas.portalemprego.com.br\/index.php?rest_route=%2Fwp%2Fv2%2Fcategories&post=3160"},{"taxonomy":"post_tag","embeddable":true,"href":"https:\/\/vagas.portalemprego.com.br\/index.php?rest_route=%2Fwp%2Fv2%2Ftags&post=3160"}],"curies":[{"name":"wp","href":"https:\/\/api.w.org\/{rel}","templated":true}]}}