{"id":3161,"date":"2026-04-29T06:59:59","date_gmt":"2026-04-29T09:59:59","guid":{"rendered":"https:\/\/vagas.portalemprego.com.br\/?p=3161"},"modified":"2026-04-29T06:59:59","modified_gmt":"2026-04-29T09:59:59","slug":"tecnico-de-enfermagem-saude-rio-de-janeiro-2","status":"publish","type":"post","link":"https:\/\/vagas.portalemprego.com.br\/?p=3161","title":{"rendered":"T\u00e9cnico de Enfermagem &#8211; Sa\u00fade &#8211; Rio de Janeiro"},"content":{"rendered":"<p>Vaga para Barra da Tijuca<br \/>\nTer Disponibilidade de Horario<br \/>\nEscala 6&#215;1 13:00 \u00e1s 21:20<\/p>\n<p>Compet\u00eancias para Fun\u00e7\u00e3o: Desej\u00e1vel experi\u00eancia anterior em nefrologia ou unidades de hemodi\u00e1lise.<\/p>\n<p>Conhecimento em opera\u00e7\u00e3o de equipamentos de di\u00e1lise e no\u00e7\u00f5es de inform\u00e1tica.Organiza\u00e7\u00e3o Agilidade e seguran\u00e7a no atendimento de emerg\u00eancia<br \/>\nEquil\u00edbrio emocional para atendimento das intercorr\u00eancias e emerg\u00eancia.Empatia Trabalho em Grupo Colabora\u00e7\u00e3o<br \/>\ncomportamento \u00c9tico<\/p>\n<ul>\n<li>Local de trabalho: Rio de Janeiro, RJ<\/li>\n<li>Regime de contrata\u00e7\u00e3o de tipo: Tempor\u00e1rio<\/li>\n<li>Jornada: Per\u00edodo Integral<\/li>\n<li>\u00c1rea e especializa\u00e7\u00e3o profissional: Sa\u00fade &#8211; Enfermagem<\/li>\n<li>N\u00edvel hier\u00e1rquico: Assistente<\/li>\n<\/ul>\n<p>Escolaridade M\u00ednima: Curso T\u00e9cnico<\/p>\n<p>Sal\u00e1rio: 3325,0<\/p>\n","protected":false},"excerpt":{"rendered":"<p>Vaga para Barra da Tijuca Ter Disponibilidade de Horario Escala 6&#215;1 13:00 \u00e1s 21:20 Compet\u00eancias para Fun\u00e7\u00e3o: Desej\u00e1vel experi\u00eancia anterior em nefrologia ou unidades de hemodi\u00e1lise. Conhecimento em opera\u00e7\u00e3o de equipamentos de di\u00e1lise e no\u00e7\u00f5es de inform\u00e1tica.Organiza\u00e7\u00e3o Agilidade e seguran\u00e7a no atendimento de emerg\u00eancia Equil\u00edbrio emocional para atendimento das intercorr\u00eancias e emerg\u00eancia.Empatia Trabalho em Grupo [&hellip;]<\/p>\n","protected":false},"author":1,"featured_media":0,"comment_status":"open","ping_status":"open","sticky":false,"template":"","format":"standard","meta":{"footnotes":""},"categories":[21],"tags":[],"class_list":["post-3161","post","type-post","status-publish","format-standard","hentry","category-rio-de-janeiro-rj"],"_links":{"self":[{"href":"https:\/\/vagas.portalemprego.com.br\/index.php?rest_route=\/wp\/v2\/posts\/3161","targetHints":{"allow":["GET"]}}],"collection":[{"href":"https:\/\/vagas.portalemprego.com.br\/index.php?rest_route=\/wp\/v2\/posts"}],"about":[{"href":"https:\/\/vagas.portalemprego.com.br\/index.php?rest_route=\/wp\/v2\/types\/post"}],"author":[{"embeddable":true,"href":"https:\/\/vagas.portalemprego.com.br\/index.php?rest_route=\/wp\/v2\/users\/1"}],"replies":[{"embeddable":true,"href":"https:\/\/vagas.portalemprego.com.br\/index.php?rest_route=%2Fwp%2Fv2%2Fcomments&post=3161"}],"version-history":[{"count":0,"href":"https:\/\/vagas.portalemprego.com.br\/index.php?rest_route=\/wp\/v2\/posts\/3161\/revisions"}],"wp:attachment":[{"href":"https:\/\/vagas.portalemprego.com.br\/index.php?rest_route=%2Fwp%2Fv2%2Fmedia&parent=3161"}],"wp:term":[{"taxonomy":"category","embeddable":true,"href":"https:\/\/vagas.portalemprego.com.br\/index.php?rest_route=%2Fwp%2Fv2%2Fcategories&post=3161"},{"taxonomy":"post_tag","embeddable":true,"href":"https:\/\/vagas.portalemprego.com.br\/index.php?rest_route=%2Fwp%2Fv2%2Ftags&post=3161"}],"curies":[{"name":"wp","href":"https:\/\/api.w.org\/{rel}","templated":true}]}}