{"id":3165,"date":"2026-04-29T06:59:59","date_gmt":"2026-04-29T09:59:59","guid":{"rendered":"https:\/\/vagas.portalemprego.com.br\/?p=3165"},"modified":"2026-04-29T06:59:59","modified_gmt":"2026-04-29T09:59:59","slug":"auxiliar-de-ferramenteiro-industrial-producao-fabrica-porto-real","status":"publish","type":"post","link":"https:\/\/vagas.portalemprego.com.br\/?p=3165","title":{"rendered":"Auxiliar de Ferramenteiro &#8211; Industrial, Produ\u00e7\u00e3o, F\u00e1brica &#8211; Porto Real"},"content":{"rendered":"<p>Empresa\u00a0do\u00a0segmento\u00a0de\u00a0Auto\u00a0Pe\u00e7as\u00a0contrata:\u00a0Ferramenteiro<br \/>\nPr\u00e9\u00a0requisitos<br \/>\nEnsino\u00a0M\u00e9dio\u00a0Completo<br \/>\nCurso\u00a0de\u00a0Ferramenteiro\u00a0ou\u00a0alguma\u00a0breve\u00a0viv\u00eancia\u00a0na\u00a0\u00e1rea.<br \/>\nExperi\u00eancia\u00a0pr\u00e9via\u00a0na\u00a0fun\u00e7\u00e3o\u00a0em\u00a0ind\u00fastrias\u00a0automotivas\u00a0e\u00a0opera\u00e7\u00e3o\u00a0de\u00a0m\u00e1quinas\u00a0operatrizes\u00a0de\u00a0usinagem,\u00a0ser\u00e1\u00a0um\u00a0diferencial.<br \/>\nConhecimento\u00a0em\u00a0Leitura\u00a0e\u00a0Interpreta\u00e7\u00e3o\u00a0de\u00a0desenhos\u00a0mec\u00e2nicos\u00a0e\u00a0instrumentos\u00a0de\u00a0medi\u00e7\u00e3o\u00a0de\u00a0precis\u00e3o.<\/p>\n<ul>\n<li>Local de trabalho: Porto Real, RJ<\/li>\n<li>Regime de contrata\u00e7\u00e3o de tipo: Efetivo \u2013 CLT<\/li>\n<li>Jornada: Per\u00edodo Integral<\/li>\n<li>\u00c1rea e especializa\u00e7\u00e3o profissional: Industrial, Produ\u00e7\u00e3o, F\u00e1brica &#8211; Ferramentaria<\/li>\n<li>N\u00edvel hier\u00e1rquico: Auxiliar<\/li>\n<\/ul>\n<p>Escolaridade M\u00ednima: Ensino M\u00e9dio (2\u00ba Grau)<\/p>\n<ul>\n<li>Transporte Fretado<\/li>\n<li>Refei\u00e7\u00e3o no local<\/li>\n<li>Assist\u00eancia m\u00e9dica<\/li>\n<li>Seguro de Vida<\/li>\n<\/ul>\n","protected":false},"excerpt":{"rendered":"<p>Empresa\u00a0do\u00a0segmento\u00a0de\u00a0Auto\u00a0Pe\u00e7as\u00a0contrata:\u00a0Ferramenteiro Pr\u00e9\u00a0requisitos Ensino\u00a0M\u00e9dio\u00a0Completo Curso\u00a0de\u00a0Ferramenteiro\u00a0ou\u00a0alguma\u00a0breve\u00a0viv\u00eancia\u00a0na\u00a0\u00e1rea. Experi\u00eancia\u00a0pr\u00e9via\u00a0na\u00a0fun\u00e7\u00e3o\u00a0em\u00a0ind\u00fastrias\u00a0automotivas\u00a0e\u00a0opera\u00e7\u00e3o\u00a0de\u00a0m\u00e1quinas\u00a0operatrizes\u00a0de\u00a0usinagem,\u00a0ser\u00e1\u00a0um\u00a0diferencial. Conhecimento\u00a0em\u00a0Leitura\u00a0e\u00a0Interpreta\u00e7\u00e3o\u00a0de\u00a0desenhos\u00a0mec\u00e2nicos\u00a0e\u00a0instrumentos\u00a0de\u00a0medi\u00e7\u00e3o\u00a0de\u00a0precis\u00e3o. Local de trabalho: Porto Real, RJ Regime de contrata\u00e7\u00e3o de tipo: Efetivo \u2013 CLT Jornada: Per\u00edodo Integral \u00c1rea e especializa\u00e7\u00e3o profissional: Industrial, Produ\u00e7\u00e3o, F\u00e1brica &#8211; Ferramentaria N\u00edvel hier\u00e1rquico: Auxiliar Escolaridade M\u00ednima: Ensino M\u00e9dio (2\u00ba Grau) Transporte Fretado Refei\u00e7\u00e3o no local Assist\u00eancia m\u00e9dica Seguro de Vida<\/p>\n","protected":false},"author":1,"featured_media":0,"comment_status":"open","ping_status":"open","sticky":false,"template":"","format":"standard","meta":{"footnotes":""},"categories":[21],"tags":[],"class_list":["post-3165","post","type-post","status-publish","format-standard","hentry","category-rio-de-janeiro-rj"],"_links":{"self":[{"href":"https:\/\/vagas.portalemprego.com.br\/index.php?rest_route=\/wp\/v2\/posts\/3165","targetHints":{"allow":["GET"]}}],"collection":[{"href":"https:\/\/vagas.portalemprego.com.br\/index.php?rest_route=\/wp\/v2\/posts"}],"about":[{"href":"https:\/\/vagas.portalemprego.com.br\/index.php?rest_route=\/wp\/v2\/types\/post"}],"author":[{"embeddable":true,"href":"https:\/\/vagas.portalemprego.com.br\/index.php?rest_route=\/wp\/v2\/users\/1"}],"replies":[{"embeddable":true,"href":"https:\/\/vagas.portalemprego.com.br\/index.php?rest_route=%2Fwp%2Fv2%2Fcomments&post=3165"}],"version-history":[{"count":0,"href":"https:\/\/vagas.portalemprego.com.br\/index.php?rest_route=\/wp\/v2\/posts\/3165\/revisions"}],"wp:attachment":[{"href":"https:\/\/vagas.portalemprego.com.br\/index.php?rest_route=%2Fwp%2Fv2%2Fmedia&parent=3165"}],"wp:term":[{"taxonomy":"category","embeddable":true,"href":"https:\/\/vagas.portalemprego.com.br\/index.php?rest_route=%2Fwp%2Fv2%2Fcategories&post=3165"},{"taxonomy":"post_tag","embeddable":true,"href":"https:\/\/vagas.portalemprego.com.br\/index.php?rest_route=%2Fwp%2Fv2%2Ftags&post=3165"}],"curies":[{"name":"wp","href":"https:\/\/api.w.org\/{rel}","templated":true}]}}