{"id":3166,"date":"2026-04-29T06:59:59","date_gmt":"2026-04-29T09:59:59","guid":{"rendered":"https:\/\/vagas.portalemprego.com.br\/?p=3166"},"modified":"2026-04-29T06:59:59","modified_gmt":"2026-04-29T09:59:59","slug":"supervisora-comercial-administracao-rio-de-janeiro","status":"publish","type":"post","link":"https:\/\/vagas.portalemprego.com.br\/?p=3166","title":{"rendered":"Supervisor(a) Comercial &#8211; Administra\u00e7\u00e3o &#8211; Rio de Janeiro"},"content":{"rendered":"<p>Gest\u00e3o estrat\u00e9gica da equipe de vendas externas, com foco em performance, produtividade e resultados.<br \/>\nPlanejamento, implementa\u00e7\u00e3o e acompanhamento de a\u00e7\u00f5es comerciais em campo.<br \/>\nGarantia da execu\u00e7\u00e3o das estrat\u00e9gias comerciais e do cumprimento das metas estabelecidas.<br \/>\nMonitoramento de indicadores de desempenho (KPIs) e an\u00e1lise de resultados.<br \/>\nIdentifica\u00e7\u00e3o de oportunidades de mercado e expans\u00e3o da carteira de clientes.<br \/>\nAtua\u00e7\u00e3o ativa na motiva\u00e7\u00e3o, engajamento e desenvolvimento da equipe de vendas.<br \/>\nRelacionamento pr\u00f3ximo com clientes, fortalecendo parcerias e assegurando a efetividade das a\u00e7\u00f5es externas.<br \/>\nPromo\u00e7\u00e3o da fideliza\u00e7\u00e3o e crescimento sustent\u00e1vel da carteira de clientes. Experi\u00eancia pr\u00e9via na \u00e1rea comercial<br \/>\nConhecimento em t\u00e9cnicas de vendas e negocia\u00e7\u00e3o<br \/>\nCapacidade de lideran\u00e7a e gest\u00e3o de equipe<br \/>\nForma\u00e7\u00e3o em Administra\u00e7\u00e3o, Marketing ou \u00e1reas correlatas<br \/>\nExperi\u00eancia em supervis\u00e3o de equipes comerciais<\/p>\n<ul>\n<li>Local de trabalho: Rio de Janeiro, RJ<\/li>\n<li>Regime de contrata\u00e7\u00e3o de tipo: Efetivo \u2013 CLT<\/li>\n<li>Jornada: Per\u00edodo Integral<\/li>\n<li>\u00c1rea e especializa\u00e7\u00e3o profissional: Administra\u00e7\u00e3o &#8211; Administra\u00e7\u00e3o Geral<\/li>\n<li>N\u00edvel hier\u00e1rquico: Especialista<\/li>\n<\/ul>\n<p>VALORIZADO<\/p>\n<p>Tempo de experi\u00eancia: Menos de 1 ano<\/p>\n<p>Escolaridade M\u00ednima: Ensino Fundamental (1\u00ba grau)<\/p>\n<p>Forma\u00e7\u00e3o desejada:<\/p>\n<ul>\n<li>, Ensino Fundamental (1\u00ba grau)<\/li>\n<\/ul>\n<ul>\n<li>Vale Transporte<\/li>\n<li>T\u00edquete Refei\u00e7\u00e3o<\/li>\n<li>Assist\u00eancia M\u00e9dica \/ Medicina em grupo<\/li>\n<\/ul>\n","protected":false},"excerpt":{"rendered":"<p>Gest\u00e3o estrat\u00e9gica da equipe de vendas externas, com foco em performance, produtividade e resultados. Planejamento, implementa\u00e7\u00e3o e acompanhamento de a\u00e7\u00f5es comerciais em campo. Garantia da execu\u00e7\u00e3o das estrat\u00e9gias comerciais e do cumprimento das metas estabelecidas. Monitoramento de indicadores de desempenho (KPIs) e an\u00e1lise de resultados. Identifica\u00e7\u00e3o de oportunidades de mercado e expans\u00e3o da carteira de [&hellip;]<\/p>\n","protected":false},"author":1,"featured_media":0,"comment_status":"open","ping_status":"open","sticky":false,"template":"","format":"standard","meta":{"footnotes":""},"categories":[21],"tags":[],"class_list":["post-3166","post","type-post","status-publish","format-standard","hentry","category-rio-de-janeiro-rj"],"_links":{"self":[{"href":"https:\/\/vagas.portalemprego.com.br\/index.php?rest_route=\/wp\/v2\/posts\/3166","targetHints":{"allow":["GET"]}}],"collection":[{"href":"https:\/\/vagas.portalemprego.com.br\/index.php?rest_route=\/wp\/v2\/posts"}],"about":[{"href":"https:\/\/vagas.portalemprego.com.br\/index.php?rest_route=\/wp\/v2\/types\/post"}],"author":[{"embeddable":true,"href":"https:\/\/vagas.portalemprego.com.br\/index.php?rest_route=\/wp\/v2\/users\/1"}],"replies":[{"embeddable":true,"href":"https:\/\/vagas.portalemprego.com.br\/index.php?rest_route=%2Fwp%2Fv2%2Fcomments&post=3166"}],"version-history":[{"count":0,"href":"https:\/\/vagas.portalemprego.com.br\/index.php?rest_route=\/wp\/v2\/posts\/3166\/revisions"}],"wp:attachment":[{"href":"https:\/\/vagas.portalemprego.com.br\/index.php?rest_route=%2Fwp%2Fv2%2Fmedia&parent=3166"}],"wp:term":[{"taxonomy":"category","embeddable":true,"href":"https:\/\/vagas.portalemprego.com.br\/index.php?rest_route=%2Fwp%2Fv2%2Fcategories&post=3166"},{"taxonomy":"post_tag","embeddable":true,"href":"https:\/\/vagas.portalemprego.com.br\/index.php?rest_route=%2Fwp%2Fv2%2Ftags&post=3166"}],"curies":[{"name":"wp","href":"https:\/\/api.w.org\/{rel}","templated":true}]}}