{"id":3175,"date":"2026-04-29T06:59:59","date_gmt":"2026-04-29T09:59:59","guid":{"rendered":"https:\/\/vagas.portalemprego.com.br\/?p=3175"},"modified":"2026-04-29T06:59:59","modified_gmt":"2026-04-29T09:59:59","slug":"vendedor-de-loja-comercial-vendas-rio-de-janeiro-2","status":"publish","type":"post","link":"https:\/\/vagas.portalemprego.com.br\/?p=3175","title":{"rendered":"Vendedor de Loja &#8211; Comercial, Vendas &#8211; Rio de Janeiro"},"content":{"rendered":"<p>RHF Talentos seleciona para um de nossos conceituados clientes no ramo de Varejo<br \/>\nVendedor (a) de Loja<br \/>\nAtribui\u00e7\u00f5es\/Conhecimentos:<br \/>\nRealizar atendimento a clientes internos<br \/>\nOpera\u00e7\u00e3o de Caixa<br \/>\nRealiza\u00e7\u00e3o de fechamento de venda<br \/>\nOrientar quanto \u00e0s especifica\u00e7\u00f5es de cada produto<br \/>\nConfer\u00eancia de estoque<br \/>\nReceber produtos de fornecedores<br \/>\nUtilizar Sistema informatizado<br \/>\nSal\u00e1rio e benef\u00edcios:<br \/>\nSal\u00e1rio da Categoria (R$ 1.712,00) ap\u00f3s os 3 meses) + VT + comiss\u00e3o + VR nos fins de semanas e feriados trabalhados<br \/>\nCompet\u00eancias:<br \/>\nFortes habilidades em comunica\u00e7\u00e3o escrita e verbal<br \/>\nSer auto motivado<br \/>\nPossuir vis\u00e3o estrat\u00e9gica<br \/>\nTer bom relacionamento interpessoal<br \/>\nCriatividade<br \/>\nDin\u00e2mico e proativo<br \/>\nDeterminada<br \/>\nQue goste de trabalhar em equipe e voltado a resultados.<br \/>\nTer poder de persuas\u00e3o<br \/>\nEscolaridade:<br \/>\nM\u00ednimo ensino m\u00e9dio<br \/>\nCarga hor\u00e1ria:<br \/>\nDas 13:40 \u00e0s 22:00 escala 6&#215;1<br \/>\nExperi\u00eancia:<br \/>\nM\u00ednimo 6 meses comprovados na fun\u00e7\u00e3o.<br \/>\nPreferencialmente com viv\u00eancia na \u00e1rea comercial<br \/>\nObs:<br \/>\nLoja modelo quisque com total estrutura para colaboradores no Shopping para refei\u00e7\u00f5es<\/p>\n<ul>\n<li>Local de trabalho: Rio de Janeiro, RJ<\/li>\n<li>Regime de contrata\u00e7\u00e3o de tipo: Efetivo \u2013 CLT<\/li>\n<li>Jornada: Per\u00edodo Integral<\/li>\n<li>\u00c1rea e especializa\u00e7\u00e3o profissional: Comercial, Vendas &#8211; Lojas \/ Shopping<\/li>\n<li>N\u00edvel hier\u00e1rquico: Operacional<\/li>\n<\/ul>\n<p>VALORIZADO<\/p>\n<p>Tempo de experi\u00eancia: Entre 3 e 5 anos<\/p>\n<p>Escolaridade M\u00ednima: Ensino M\u00e9dio (2\u00ba Grau)<\/p>\n<ul>\n<li>Vale-refei\u00e7\u00e3o<\/li>\n<li>Vale-transporte<\/li>\n<li>Comiss\u00f5es<\/li>\n<\/ul>\n<p>Sal\u00e1rio: 1712,0<\/p>\n","protected":false},"excerpt":{"rendered":"<p>RHF Talentos seleciona para um de nossos conceituados clientes no ramo de Varejo Vendedor (a) de Loja Atribui\u00e7\u00f5es\/Conhecimentos: Realizar atendimento a clientes internos Opera\u00e7\u00e3o de Caixa Realiza\u00e7\u00e3o de fechamento de venda Orientar quanto \u00e0s especifica\u00e7\u00f5es de cada produto Confer\u00eancia de estoque Receber produtos de fornecedores Utilizar Sistema informatizado Sal\u00e1rio e benef\u00edcios: Sal\u00e1rio da Categoria (R$ [&hellip;]<\/p>\n","protected":false},"author":1,"featured_media":0,"comment_status":"open","ping_status":"open","sticky":false,"template":"","format":"standard","meta":{"footnotes":""},"categories":[21],"tags":[],"class_list":["post-3175","post","type-post","status-publish","format-standard","hentry","category-rio-de-janeiro-rj"],"_links":{"self":[{"href":"https:\/\/vagas.portalemprego.com.br\/index.php?rest_route=\/wp\/v2\/posts\/3175","targetHints":{"allow":["GET"]}}],"collection":[{"href":"https:\/\/vagas.portalemprego.com.br\/index.php?rest_route=\/wp\/v2\/posts"}],"about":[{"href":"https:\/\/vagas.portalemprego.com.br\/index.php?rest_route=\/wp\/v2\/types\/post"}],"author":[{"embeddable":true,"href":"https:\/\/vagas.portalemprego.com.br\/index.php?rest_route=\/wp\/v2\/users\/1"}],"replies":[{"embeddable":true,"href":"https:\/\/vagas.portalemprego.com.br\/index.php?rest_route=%2Fwp%2Fv2%2Fcomments&post=3175"}],"version-history":[{"count":0,"href":"https:\/\/vagas.portalemprego.com.br\/index.php?rest_route=\/wp\/v2\/posts\/3175\/revisions"}],"wp:attachment":[{"href":"https:\/\/vagas.portalemprego.com.br\/index.php?rest_route=%2Fwp%2Fv2%2Fmedia&parent=3175"}],"wp:term":[{"taxonomy":"category","embeddable":true,"href":"https:\/\/vagas.portalemprego.com.br\/index.php?rest_route=%2Fwp%2Fv2%2Fcategories&post=3175"},{"taxonomy":"post_tag","embeddable":true,"href":"https:\/\/vagas.portalemprego.com.br\/index.php?rest_route=%2Fwp%2Fv2%2Ftags&post=3175"}],"curies":[{"name":"wp","href":"https:\/\/api.w.org\/{rel}","templated":true}]}}