{"id":3176,"date":"2026-04-29T06:59:59","date_gmt":"2026-04-29T09:59:59","guid":{"rendered":"https:\/\/vagas.portalemprego.com.br\/?p=3176"},"modified":"2026-04-29T06:59:59","modified_gmt":"2026-04-29T09:59:59","slug":"operadora-de-logistica-i-industrial-producao-fabrica-santa-cruz","status":"publish","type":"post","link":"https:\/\/vagas.portalemprego.com.br\/?p=3176","title":{"rendered":"Operador(a) de Logistica I &#8211; Industrial, Produ\u00e7\u00e3o, F\u00e1brica &#8211; Santa Cruz"},"content":{"rendered":"<p>Estamos em busca de um(a) Operador(a) de Log\u00edstica I para integrar nosso time. Esta \u00e9 uma oportunidade para quem busca desenvolver suas habilidades em log\u00edstica, contribuindo para a efici\u00eancia e organiza\u00e7\u00e3o de nossos processos.<br \/>\nFun\u00e7\u00f5es:<br \/>\nGerenciar o fluxo de entrada e sa\u00edda de mercadorias<br \/>\nCoordenar atividades de armazenagem e movimenta\u00e7\u00e3o de produtos<br \/>\nAcompanhar a qualidade e integridade dos produtos<br \/>\nColaborar com equipes para otimizar processos log\u00edsticos<br \/>\nRespons\u00e1vel em realizar armazenagem e carregamento de produtos acabados com ponte rolante de cabine, obedecendo ao programa de produ\u00e7\u00e3o e a padr\u00f5es preestabelecidos, visando atender as necessidades dos clientes.<br \/>\nRequisitos:<br \/>\nExperi\u00eancia em log\u00edstica ou \u00e1reas correlatas<br \/>\nBoa comunica\u00e7\u00e3o e habilidades de trabalho em equipe<br \/>\nImprescind\u00edvel CNH B;<br \/>\nEnsino m\u00e9dio completo,<br \/>\ndesej\u00e1vel curso de operador de empilhadeira<br \/>\nDisponibilidade para atuar em rod\u00edzio de turno.<br \/>\nBenef\u00edcios:<br \/>\nOferecemos um ambiente de trabalho colaborativo e din\u00e2mico<br \/>\nVoc\u00ea ter\u00e1 acesso a oportunidades de crescimento profissional<br \/>\nAmbiente de trabalho seguro e estruturado.<\/p>\n<p>Esta \u00e9 uma oportunidade para quem busca um cargo presencial em uma empresa comprometida com o desenvolvimento de seus colaboradores.<\/p>\n<ul>\n<li>Local de trabalho: Santa Cruz, RJ<\/li>\n<li>Regime de contrata\u00e7\u00e3o de tipo: Efetivo \u2013 CLT<\/li>\n<li>Jornada: Per\u00edodo Integral<\/li>\n<li>\u00c1rea e especializa\u00e7\u00e3o profissional: Industrial, Produ\u00e7\u00e3o, F\u00e1brica &#8211; Produ\u00e7\u00e3o<\/li>\n<li>N\u00edvel hier\u00e1rquico: Operacional<\/li>\n<\/ul>\n<p>Escolaridade M\u00ednima: Ensino Superior<\/p>\n<p>Habilita\u00e7\u00e3o para dirigir: B<\/p>\n<ul>\n<li>Assist\u00eancia Medica<\/li>\n<li>Assist\u00eancia Odontol\u00f3gica<\/li>\n<li>Vale Refei\u00e7\u00e3o<\/li>\n<li>fretado<\/li>\n<li>Aux\u00edlio Medicamento<\/li>\n<li>Previd\u00eancia Privada<\/li>\n<li>fisioterapia no local<\/li>\n<li>PLR<\/li>\n<li>Alimenta\u00e7\u00e3o no local<\/li>\n<\/ul>\n<p>Sal\u00e1rio: 2030,0<\/p>\n","protected":false},"excerpt":{"rendered":"<p>Estamos em busca de um(a) Operador(a) de Log\u00edstica I para integrar nosso time. Esta \u00e9 uma oportunidade para quem busca desenvolver suas habilidades em log\u00edstica, contribuindo para a efici\u00eancia e organiza\u00e7\u00e3o de nossos processos. Fun\u00e7\u00f5es: Gerenciar o fluxo de entrada e sa\u00edda de mercadorias Coordenar atividades de armazenagem e movimenta\u00e7\u00e3o de produtos Acompanhar a qualidade [&hellip;]<\/p>\n","protected":false},"author":1,"featured_media":0,"comment_status":"open","ping_status":"open","sticky":false,"template":"","format":"standard","meta":{"footnotes":""},"categories":[21],"tags":[],"class_list":["post-3176","post","type-post","status-publish","format-standard","hentry","category-rio-de-janeiro-rj"],"_links":{"self":[{"href":"https:\/\/vagas.portalemprego.com.br\/index.php?rest_route=\/wp\/v2\/posts\/3176","targetHints":{"allow":["GET"]}}],"collection":[{"href":"https:\/\/vagas.portalemprego.com.br\/index.php?rest_route=\/wp\/v2\/posts"}],"about":[{"href":"https:\/\/vagas.portalemprego.com.br\/index.php?rest_route=\/wp\/v2\/types\/post"}],"author":[{"embeddable":true,"href":"https:\/\/vagas.portalemprego.com.br\/index.php?rest_route=\/wp\/v2\/users\/1"}],"replies":[{"embeddable":true,"href":"https:\/\/vagas.portalemprego.com.br\/index.php?rest_route=%2Fwp%2Fv2%2Fcomments&post=3176"}],"version-history":[{"count":0,"href":"https:\/\/vagas.portalemprego.com.br\/index.php?rest_route=\/wp\/v2\/posts\/3176\/revisions"}],"wp:attachment":[{"href":"https:\/\/vagas.portalemprego.com.br\/index.php?rest_route=%2Fwp%2Fv2%2Fmedia&parent=3176"}],"wp:term":[{"taxonomy":"category","embeddable":true,"href":"https:\/\/vagas.portalemprego.com.br\/index.php?rest_route=%2Fwp%2Fv2%2Fcategories&post=3176"},{"taxonomy":"post_tag","embeddable":true,"href":"https:\/\/vagas.portalemprego.com.br\/index.php?rest_route=%2Fwp%2Fv2%2Ftags&post=3176"}],"curies":[{"name":"wp","href":"https:\/\/api.w.org\/{rel}","templated":true}]}}