{"id":3181,"date":"2026-04-29T06:00:00","date_gmt":"2026-04-29T09:00:00","guid":{"rendered":"https:\/\/vagas.portalemprego.com.br\/?p=3181"},"modified":"2026-04-29T06:00:00","modified_gmt":"2026-04-29T09:00:00","slug":"esteticista-facial-e-corporal-leblon-rj-estetica-rio-de-janeiro","status":"publish","type":"post","link":"https:\/\/vagas.portalemprego.com.br\/?p=3181","title":{"rendered":"Esteticista facial e Corporal &#8211; Leblon \u2013 RJ &#8211; Est\u00e9tica &#8211; Rio de Janeiro"},"content":{"rendered":"<p>Cl\u00ednica de est\u00e9tica refer\u00eancia em bem-estar, autocuidado e experi\u00eancias premium, est\u00e1 em busca de uma Esteticista apaixonada pelo que faz, com olhar apurado para beleza, t\u00e9cnica impec\u00e1vel e aquele toque acolhedor que transforma atendimentos em momentos inesquec\u00edveis.<br \/>\n?? O que voc\u00ea far\u00e1 por aqui<br \/>\nRealizar procedimentos est\u00e9ticos faciais e corporais com excel\u00eancia;<br \/>\nManusear tecnologias avan\u00e7adas como Ultraformer MPT, radiofrequ\u00eancia e outros equipamentos de alta performance;<br \/>\nAvaliar necessidades individuais e indicar protocolos personalizados;<br \/>\nAtender nossos clientes com postura profissional, escuta ativa e empatia;<br \/>\nManter o padr\u00e3o de qualidade, organiza\u00e7\u00e3o e higiene Odara.<br \/>\n?? O que buscamos<br \/>\nForma\u00e7\u00e3o completa em Est\u00e9tica ou \u00e1reas correlatas;<br \/>\nExperi\u00eancia com procedimentos faciais, corporais e tecnologias est\u00e9ticas;<br \/>\nFacilidade no uso e manuseio de equipamentos como Ultraformer MPT e radiofrequ\u00eancia;<br \/>\nBoa comunica\u00e7\u00e3o, pontualidade e perfil acolhedor;<br \/>\nAten\u00e7\u00e3o aos detalhes e foco total na experi\u00eancia do cliente;<br \/>\nDesejo de aprender, entregar excel\u00eancia e encantar.<br \/>\n? O que oferecemos<br \/>\nAmbiente sofisticado e acolhedor no cora\u00e7\u00e3o do Leblon;<br \/>\nEquipe colaborativa e apaixonada pelo que faz;<br \/>\nOportunidades de aperfei\u00e7oamento e crescimento;<br \/>\nValoriza\u00e7\u00e3o profissional e reconhecimento da sua entrega.<\/p>\n<p>-Manh\u00e3: 8h \u00e0s 16h ou Tarde : 12h \u00e0s 20h \/ S\u00e1bados: 8h \u00e0s 17h<br \/>\n-Vale alimenta\u00e7\u00e3o<br \/>\n-Vale transporte<br \/>\n?? Local<br \/>\nLeblon \u2013 Rio de Janeiro, RJ<\/p>\n<ul>\n<li>Local de trabalho: Rio de Janeiro, RJ<\/li>\n<li>Regime de contrata\u00e7\u00e3o de tipo: Efetivo \u2013 CLT<\/li>\n<li>Jornada: Per\u00edodo Integral<\/li>\n<li>\u00c1rea e especializa\u00e7\u00e3o profissional: Est\u00e9tica &#8211; Esteticista<\/li>\n<li>N\u00edvel hier\u00e1rquico: Operacional<\/li>\n<\/ul>\n<p>VALORIZADO<\/p>\n<p>Tempo de experi\u00eancia: Entre 3 e 5 anos<\/p>\n<p>Escolaridade M\u00ednima: Curso T\u00e9cnico<\/p>\n<p>Sal\u00e1rio: 2271,0<\/p>\n","protected":false},"excerpt":{"rendered":"<p>Cl\u00ednica de est\u00e9tica refer\u00eancia em bem-estar, autocuidado e experi\u00eancias premium, est\u00e1 em busca de uma Esteticista apaixonada pelo que faz, com olhar apurado para beleza, t\u00e9cnica impec\u00e1vel e aquele toque acolhedor que transforma atendimentos em momentos inesquec\u00edveis. ?? O que voc\u00ea far\u00e1 por aqui Realizar procedimentos est\u00e9ticos faciais e corporais com excel\u00eancia; Manusear tecnologias avan\u00e7adas [&hellip;]<\/p>\n","protected":false},"author":1,"featured_media":0,"comment_status":"open","ping_status":"open","sticky":false,"template":"","format":"standard","meta":{"footnotes":""},"categories":[21],"tags":[],"class_list":["post-3181","post","type-post","status-publish","format-standard","hentry","category-rio-de-janeiro-rj"],"_links":{"self":[{"href":"https:\/\/vagas.portalemprego.com.br\/index.php?rest_route=\/wp\/v2\/posts\/3181","targetHints":{"allow":["GET"]}}],"collection":[{"href":"https:\/\/vagas.portalemprego.com.br\/index.php?rest_route=\/wp\/v2\/posts"}],"about":[{"href":"https:\/\/vagas.portalemprego.com.br\/index.php?rest_route=\/wp\/v2\/types\/post"}],"author":[{"embeddable":true,"href":"https:\/\/vagas.portalemprego.com.br\/index.php?rest_route=\/wp\/v2\/users\/1"}],"replies":[{"embeddable":true,"href":"https:\/\/vagas.portalemprego.com.br\/index.php?rest_route=%2Fwp%2Fv2%2Fcomments&post=3181"}],"version-history":[{"count":0,"href":"https:\/\/vagas.portalemprego.com.br\/index.php?rest_route=\/wp\/v2\/posts\/3181\/revisions"}],"wp:attachment":[{"href":"https:\/\/vagas.portalemprego.com.br\/index.php?rest_route=%2Fwp%2Fv2%2Fmedia&parent=3181"}],"wp:term":[{"taxonomy":"category","embeddable":true,"href":"https:\/\/vagas.portalemprego.com.br\/index.php?rest_route=%2Fwp%2Fv2%2Fcategories&post=3181"},{"taxonomy":"post_tag","embeddable":true,"href":"https:\/\/vagas.portalemprego.com.br\/index.php?rest_route=%2Fwp%2Fv2%2Ftags&post=3181"}],"curies":[{"name":"wp","href":"https:\/\/api.w.org\/{rel}","templated":true}]}}