{"id":3182,"date":"2026-04-29T06:00:00","date_gmt":"2026-04-29T09:00:00","guid":{"rendered":"https:\/\/vagas.portalemprego.com.br\/?p=3182"},"modified":"2026-04-29T06:00:00","modified_gmt":"2026-04-29T09:00:00","slug":"tecnico-em-informatica-informatica-ti-telecomunicacoes-rio-de-janeiro","status":"publish","type":"post","link":"https:\/\/vagas.portalemprego.com.br\/?p=3182","title":{"rendered":"T\u00e9cnico em Inform\u00e1tica &#8211; Inform\u00e1tica, TI, Telecomunica\u00e7\u00f5es &#8211; Rio de Janeiro"},"content":{"rendered":"<p>?? Estamos contratando: T\u00e9cnico em Inform\u00e1tica<br \/>\nSe voc\u00ea gosta de resolver problemas, colocar a m\u00e3o na massa e atuar com infraestrutura de TI, essa oportunidade pode ser para voc\u00ea!<br \/>\n?? Principais atividades:<br \/>\nAtuar no suporte e manuten\u00e7\u00e3o da infraestrutura de TI das unidades, realizando atendimento t\u00e9cnico, configura\u00e7\u00e3o de equipamentos, apoio em redes, servidores e sistemas de seguran\u00e7a eletr\u00f4nica.<br \/>\n?? Requisitos:<br \/>\n? Conhecimento em redes e Windows Server<br \/>\n? No\u00e7\u00f5es de infraestrutura de TI e suporte t\u00e9cnico<br \/>\n? Conhecimentos b\u00e1sicos de eletr\u00f4nica e el\u00e9trica<br \/>\n? Desej\u00e1vel forma\u00e7\u00e3o t\u00e9cnica ou cursando gradua\u00e7\u00e3o em Inform\u00e1tica, Redes ou \u00e1reas correlatas<br \/>\n? CNH ativa e ve\u00edculo pr\u00f3prio para deslocamento entre unidades<br \/>\n?? Benef\u00edcios:<br \/>\n\u2022 Day off de anivers\u00e1rio<br \/>\n\u2022 Plano de sa\u00fade e Odontol\u00f3gico<br \/>\n\u2022 Vale Alimenta\u00e7\u00e3o\/Refei\u00e7\u00e3o<br \/>\n\u2022\u00a0 Parceria com universidades<br \/>\n?? Buscamos um profissional proativo, com perfil m\u00e3o na massa e facilidade para solucionar problemas t\u00e9cnicos no dia a dia.<\/p>\n<p>#Vaga #TI #TecnicoEmInformatica #InfraestruturaTI #Oportunidade #TrabalheConosco<\/p>\n<ul>\n<li>Local de trabalho: Rio de Janeiro, RJ<\/li>\n<li>Regime de contrata\u00e7\u00e3o de tipo: Efetivo \u2013 CLT<\/li>\n<li>Jornada: Per\u00edodo Integral<\/li>\n<li>\u00c1rea e especializa\u00e7\u00e3o profissional: Inform\u00e1tica, TI, Telecomunica\u00e7\u00f5es &#8211; Infraestrutura<\/li>\n<li>N\u00edvel hier\u00e1rquico: Analista<\/li>\n<\/ul>\n<p>Escolaridade M\u00ednima: Curso T\u00e9cnico<\/p>\n<p>Ve\u00edculo pr\u00f3prio<\/p>\n","protected":false},"excerpt":{"rendered":"<p>?? Estamos contratando: T\u00e9cnico em Inform\u00e1tica Se voc\u00ea gosta de resolver problemas, colocar a m\u00e3o na massa e atuar com infraestrutura de TI, essa oportunidade pode ser para voc\u00ea! ?? Principais atividades: Atuar no suporte e manuten\u00e7\u00e3o da infraestrutura de TI das unidades, realizando atendimento t\u00e9cnico, configura\u00e7\u00e3o de equipamentos, apoio em redes, servidores e sistemas [&hellip;]<\/p>\n","protected":false},"author":1,"featured_media":0,"comment_status":"open","ping_status":"open","sticky":false,"template":"","format":"standard","meta":{"footnotes":""},"categories":[21],"tags":[],"class_list":["post-3182","post","type-post","status-publish","format-standard","hentry","category-rio-de-janeiro-rj"],"_links":{"self":[{"href":"https:\/\/vagas.portalemprego.com.br\/index.php?rest_route=\/wp\/v2\/posts\/3182","targetHints":{"allow":["GET"]}}],"collection":[{"href":"https:\/\/vagas.portalemprego.com.br\/index.php?rest_route=\/wp\/v2\/posts"}],"about":[{"href":"https:\/\/vagas.portalemprego.com.br\/index.php?rest_route=\/wp\/v2\/types\/post"}],"author":[{"embeddable":true,"href":"https:\/\/vagas.portalemprego.com.br\/index.php?rest_route=\/wp\/v2\/users\/1"}],"replies":[{"embeddable":true,"href":"https:\/\/vagas.portalemprego.com.br\/index.php?rest_route=%2Fwp%2Fv2%2Fcomments&post=3182"}],"version-history":[{"count":0,"href":"https:\/\/vagas.portalemprego.com.br\/index.php?rest_route=\/wp\/v2\/posts\/3182\/revisions"}],"wp:attachment":[{"href":"https:\/\/vagas.portalemprego.com.br\/index.php?rest_route=%2Fwp%2Fv2%2Fmedia&parent=3182"}],"wp:term":[{"taxonomy":"category","embeddable":true,"href":"https:\/\/vagas.portalemprego.com.br\/index.php?rest_route=%2Fwp%2Fv2%2Fcategories&post=3182"},{"taxonomy":"post_tag","embeddable":true,"href":"https:\/\/vagas.portalemprego.com.br\/index.php?rest_route=%2Fwp%2Fv2%2Ftags&post=3182"}],"curies":[{"name":"wp","href":"https:\/\/api.w.org\/{rel}","templated":true}]}}