{"id":3183,"date":"2026-04-29T06:00:00","date_gmt":"2026-04-29T09:00:00","guid":{"rendered":"https:\/\/vagas.portalemprego.com.br\/?p=3183"},"modified":"2026-04-29T06:00:00","modified_gmt":"2026-04-29T09:00:00","slug":"auxiliar-de-logistica-cabo-frio-rj-logistica-sao-pedro-da-aldeia","status":"publish","type":"post","link":"https:\/\/vagas.portalemprego.com.br\/?p=3183","title":{"rendered":"Auxiliar de Log\u00edstica &#8211; Cabo Frio\/RJ &#8211; Log\u00edstica &#8211; S\u00e3o Pedro da Aldeia"},"content":{"rendered":"<p>Informa\u00e7\u00f5es da vaga<br \/>\nCargo: Auxiliar de Log\u00edstica<br \/>\nEmpresa: Kuehne + Nagel (KN)<br \/>\nTipo de contrato: Tempor\u00e1rio (9 meses), com chances reais de efetiva\u00e7\u00e3o<br \/>\nSal\u00e1rio: R$ 1790,34<br \/>\nLocal de atua\u00e7\u00e3o<br \/>\nRodovia Amaral Peixoto, km 114, 1 S\u00e3o Pedro da Aldeia\/RJ, CEP: 28940-000<br \/>\nS\u00e3o\u00a0Pedro\u00a0da\u00a0Aldeia\/RJ<br \/>\nEscala e hor\u00e1rio<br \/>\nEscala: 5&#215;2<br \/>\nHor\u00e1rio: 5&#215;2- Folga Ter\u00e7as e Quartas &#8211; 02:00 AS 11:48;<br \/>\n5&#215;2- Folga Ter\u00e7as e Domingo &#8211; 05:00 AS 14:48.<\/p>\n<p>Benef\u00edcios<br \/>\nFretado<br \/>\nVale-Refei\u00e7\u00e3o: R$ 25,00 por dia<br \/>\nVale Alimenta\u00e7\u00e3o: R$ 175,00 por m\u00eas<br \/>\nAdicional noturno<br \/>\nDescri\u00e7\u00e3o de atividades<br \/>\nApoio nas rotinas operacionais do setor log\u00edstico;<br \/>\nSepara\u00e7\u00e3o, confer\u00eancia e movimenta\u00e7\u00e3o de mercadorias;<br \/>\nOrganiza\u00e7\u00e3o e controle de estoque;<br \/>\nApoio nas atividades de recebimento e expedi\u00e7\u00e3o.<br \/>\nRequisitos<br \/>\nTer acima de 18 anos;<br \/>\nEnsino fundamental completo;<br \/>\nDisponibilidade para in\u00edcio imediato.<\/p>\n<ul>\n<li>N\u00famero de vagas: 50<\/li>\n<li>Local de trabalho: S\u00e3o Pedro da Aldeia, RJ<\/li>\n<li>Regime de contrata\u00e7\u00e3o de tipo: Tempor\u00e1rio<\/li>\n<li>Jornada: Per\u00edodo Integral<\/li>\n<li>\u00c1rea e especializa\u00e7\u00e3o profissional: Log\u00edstica &#8211; Log\u00edstica<\/li>\n<li>N\u00edvel hier\u00e1rquico: Operacional<\/li>\n<\/ul>\n<p>Escolaridade M\u00ednima: Ensino Fundamental (1\u00ba grau)<\/p>\n","protected":false},"excerpt":{"rendered":"<p>Informa\u00e7\u00f5es da vaga Cargo: Auxiliar de Log\u00edstica Empresa: Kuehne + Nagel (KN) Tipo de contrato: Tempor\u00e1rio (9 meses), com chances reais de efetiva\u00e7\u00e3o Sal\u00e1rio: R$ 1790,34 Local de atua\u00e7\u00e3o Rodovia Amaral Peixoto, km 114, 1 S\u00e3o Pedro da Aldeia\/RJ, CEP: 28940-000 S\u00e3o\u00a0Pedro\u00a0da\u00a0Aldeia\/RJ Escala e hor\u00e1rio Escala: 5&#215;2 Hor\u00e1rio: 5&#215;2- Folga Ter\u00e7as e Quartas &#8211; 02:00 [&hellip;]<\/p>\n","protected":false},"author":1,"featured_media":0,"comment_status":"open","ping_status":"open","sticky":false,"template":"","format":"standard","meta":{"footnotes":""},"categories":[21],"tags":[],"class_list":["post-3183","post","type-post","status-publish","format-standard","hentry","category-rio-de-janeiro-rj"],"_links":{"self":[{"href":"https:\/\/vagas.portalemprego.com.br\/index.php?rest_route=\/wp\/v2\/posts\/3183","targetHints":{"allow":["GET"]}}],"collection":[{"href":"https:\/\/vagas.portalemprego.com.br\/index.php?rest_route=\/wp\/v2\/posts"}],"about":[{"href":"https:\/\/vagas.portalemprego.com.br\/index.php?rest_route=\/wp\/v2\/types\/post"}],"author":[{"embeddable":true,"href":"https:\/\/vagas.portalemprego.com.br\/index.php?rest_route=\/wp\/v2\/users\/1"}],"replies":[{"embeddable":true,"href":"https:\/\/vagas.portalemprego.com.br\/index.php?rest_route=%2Fwp%2Fv2%2Fcomments&post=3183"}],"version-history":[{"count":0,"href":"https:\/\/vagas.portalemprego.com.br\/index.php?rest_route=\/wp\/v2\/posts\/3183\/revisions"}],"wp:attachment":[{"href":"https:\/\/vagas.portalemprego.com.br\/index.php?rest_route=%2Fwp%2Fv2%2Fmedia&parent=3183"}],"wp:term":[{"taxonomy":"category","embeddable":true,"href":"https:\/\/vagas.portalemprego.com.br\/index.php?rest_route=%2Fwp%2Fv2%2Fcategories&post=3183"},{"taxonomy":"post_tag","embeddable":true,"href":"https:\/\/vagas.portalemprego.com.br\/index.php?rest_route=%2Fwp%2Fv2%2Ftags&post=3183"}],"curies":[{"name":"wp","href":"https:\/\/api.w.org\/{rel}","templated":true}]}}