{"id":3184,"date":"2026-04-29T06:00:00","date_gmt":"2026-04-29T09:00:00","guid":{"rendered":"https:\/\/vagas.portalemprego.com.br\/?p=3184"},"modified":"2026-04-29T06:00:00","modified_gmt":"2026-04-29T09:00:00","slug":"analista-de-qualidade-jr-validacao-de-sistemas-qualidade-rio-de-janeiro","status":"publish","type":"post","link":"https:\/\/vagas.portalemprego.com.br\/?p=3184","title":{"rendered":"Analista de Qualidade jr (Valida\u00e7\u00e3o de Sistemas) &#8211; Qualidade &#8211; Rio de Janeiro"},"content":{"rendered":"<p>O Grupo Seres em parceria com uma empresa multinacional no segmento farmac\u00eautico, seleciona profissional para atuar na fun\u00e7\u00e3o de Analista de Controle da Qualidade.<\/p>\n<p>Atividades:<br \/>\nExecutar atividades do Servi\u00e7o de Valida\u00e7\u00e3o relativas \u00e0 qualifica\u00e7\u00e3o de sistemas computadorizados (hardware, software, controle l\u00f3gico program\u00e1vel \u2013 CLP\/PLC e planilhas eletr\u00f4nicas) em conformidade com os requisitos de boas pr\u00e1ticas de fabrica\u00e7\u00e3o estabelecidos pela ANVISA, OMS e outros organismos nacionais e internacionais, contribuindo com o bom andamento e acompanhamento dos processos implementados, garantindo, em tempo adequado, o atendimento as demandas da pr\u00f3pria \u00e1rea e as \u00e1reas com interface, visando a melhoria cont\u00ednua de processos e produtos, seja com a identifica\u00e7\u00e3o\/proposi\u00e7\u00e3o de a\u00e7\u00f5es ou por meio da execu\u00e7\u00e3o de a\u00e7\u00f5es planejadas, bem como realizar outras atividades do departamento relacionadas ao SAT, requisitos do usu\u00e1rio, controle de mudan\u00e7a, an\u00e1lise de riscos, elabora\u00e7\u00e3o de POPs e treinamentos de forma a propiciar o cumprimento das boas pr\u00e1ticas de fabrica\u00e7\u00e3o.<br \/>\nRequisitos:<br \/>\nSuperior completo em Farm\u00e1cia, Qu\u00edmica, Engenharia Qu\u00edmica;<br \/>\nViv\u00eancia em ind\u00fastria com sistemas de qualidade;<br \/>\nHabilidade com pacote office, principalmente Excel a partir do intermedi\u00e1rio;<br \/>\nConhecimento de ingl\u00eas n\u00edvel intermedi\u00e1rio;<\/p>\n<p>Desej\u00e1vel<br \/>\nConhecimento em valida\u00e7\u00e3o de sistemas computadorizados e\/ou qualifica\u00e7\u00e3o de equipamentos<\/p>\n<ul>\n<li>Local de trabalho: Rio de Janeiro, RJ<\/li>\n<li>Regime de contrata\u00e7\u00e3o de tipo: Efetivo \u2013 CLT<\/li>\n<li>Jornada: Per\u00edodo Integral<\/li>\n<li>\u00c1rea e especializa\u00e7\u00e3o profissional: Qualidade &#8211; Controle de Qualidade<\/li>\n<li>N\u00edvel hier\u00e1rquico: Analista<\/li>\n<\/ul>\n<p>VALORIZADO<\/p>\n<p>Tempo de experi\u00eancia: Entre 1 e 3 anos<\/p>\n<p>Escolaridade M\u00ednima: Ensino Superior<\/p>\n<p>Idiomas:<\/p>\n<ul>\n<li>Ingl\u00eas (Intermedi\u00e1rio)<\/li>\n<\/ul>\n<p>Sal\u00e1rio: 5596,0<\/p>\n","protected":false},"excerpt":{"rendered":"<p>O Grupo Seres em parceria com uma empresa multinacional no segmento farmac\u00eautico, seleciona profissional para atuar na fun\u00e7\u00e3o de Analista de Controle da Qualidade. Atividades: Executar atividades do Servi\u00e7o de Valida\u00e7\u00e3o relativas \u00e0 qualifica\u00e7\u00e3o de sistemas computadorizados (hardware, software, controle l\u00f3gico program\u00e1vel \u2013 CLP\/PLC e planilhas eletr\u00f4nicas) em conformidade com os requisitos de boas pr\u00e1ticas [&hellip;]<\/p>\n","protected":false},"author":1,"featured_media":0,"comment_status":"open","ping_status":"open","sticky":false,"template":"","format":"standard","meta":{"footnotes":""},"categories":[21],"tags":[],"class_list":["post-3184","post","type-post","status-publish","format-standard","hentry","category-rio-de-janeiro-rj"],"_links":{"self":[{"href":"https:\/\/vagas.portalemprego.com.br\/index.php?rest_route=\/wp\/v2\/posts\/3184","targetHints":{"allow":["GET"]}}],"collection":[{"href":"https:\/\/vagas.portalemprego.com.br\/index.php?rest_route=\/wp\/v2\/posts"}],"about":[{"href":"https:\/\/vagas.portalemprego.com.br\/index.php?rest_route=\/wp\/v2\/types\/post"}],"author":[{"embeddable":true,"href":"https:\/\/vagas.portalemprego.com.br\/index.php?rest_route=\/wp\/v2\/users\/1"}],"replies":[{"embeddable":true,"href":"https:\/\/vagas.portalemprego.com.br\/index.php?rest_route=%2Fwp%2Fv2%2Fcomments&post=3184"}],"version-history":[{"count":0,"href":"https:\/\/vagas.portalemprego.com.br\/index.php?rest_route=\/wp\/v2\/posts\/3184\/revisions"}],"wp:attachment":[{"href":"https:\/\/vagas.portalemprego.com.br\/index.php?rest_route=%2Fwp%2Fv2%2Fmedia&parent=3184"}],"wp:term":[{"taxonomy":"category","embeddable":true,"href":"https:\/\/vagas.portalemprego.com.br\/index.php?rest_route=%2Fwp%2Fv2%2Fcategories&post=3184"},{"taxonomy":"post_tag","embeddable":true,"href":"https:\/\/vagas.portalemprego.com.br\/index.php?rest_route=%2Fwp%2Fv2%2Ftags&post=3184"}],"curies":[{"name":"wp","href":"https:\/\/api.w.org\/{rel}","templated":true}]}}