{"id":3185,"date":"2026-04-29T06:00:00","date_gmt":"2026-04-29T09:00:00","guid":{"rendered":"https:\/\/vagas.portalemprego.com.br\/?p=3185"},"modified":"2026-04-29T06:00:00","modified_gmt":"2026-04-29T09:00:00","slug":"assistente-comercial-comercial-vendas-resende","status":"publish","type":"post","link":"https:\/\/vagas.portalemprego.com.br\/?p=3185","title":{"rendered":"Assistente Comercial &#8211; Comercial, Vendas &#8211; Resende"},"content":{"rendered":"<p>ATIVIDADES PRINCIPAIS<br \/>\nNegocia\u00e7\u00e3o presencial e fechamento de tratamentos odontol\u00f3gicos;<br \/>\nFollow-up ativo e estrat\u00e9gico com pacientes que n\u00e3o fecharam;<br \/>\nA\u00e7\u00f5es de reten\u00e7\u00e3o: contato com clientes para entender motivos da n\u00e3o convers\u00e3o e oferecer novas possibilidades;<br \/>\nContorno de obje\u00e7\u00f5es e argumenta\u00e7\u00e3o comercial eficaz;<br \/>\nProspec\u00e7\u00e3o e agendamentos em campanhas espec\u00edficas;<br \/>\nAcompanhamento organizado de leads e datas no sistema.<br \/>\nHOR\u00c1RIO DE TRABALHO<br \/>\nSegunda a sexta: 09h00 \u00e0s 19h00 (com 1h30 de almo\u00e7o);<br \/>\nUm s\u00e1bado ao m\u00eas: 09h00 \u00e0s 15h00;<br \/>\nFlexibilidade: Eventualmente, disponibilidade ap\u00f3s 19h para acompanhar fechamentos de avalia\u00e7\u00f5es, com compensa\u00e7\u00e3o em horas extras ou banco de horas.<br \/>\nENVIE\u00a0SEU\u00a0CURR\u00cdCULO\u00a0PARA\u00a0GIOVANA:\u00a043\u00a09131-2576<\/p>\n<ul>\n<li>Local de trabalho: Resende, RJ<\/li>\n<li>Regime de contrata\u00e7\u00e3o de tipo: Efetivo \u2013 CLT<\/li>\n<li>Jornada: Per\u00edodo Integral<\/li>\n<li>\u00c1rea e especializa\u00e7\u00e3o profissional: Comercial, Vendas &#8211; Venda Externa<\/li>\n<li>N\u00edvel hier\u00e1rquico: Assistente<\/li>\n<\/ul>\n<p>Escolaridade M\u00ednima: Ensino M\u00e9dio (2\u00ba Grau)<\/p>\n<ul>\n<li>Comiss\u00f5es<\/li>\n<li>Vale-alimenta\u00e7\u00e3o<\/li>\n<li>Vale-transporte<\/li>\n<li>Descontos em procedimentos odontol\u00f3gicos<\/li>\n<\/ul>\n","protected":false},"excerpt":{"rendered":"<p>ATIVIDADES PRINCIPAIS Negocia\u00e7\u00e3o presencial e fechamento de tratamentos odontol\u00f3gicos; Follow-up ativo e estrat\u00e9gico com pacientes que n\u00e3o fecharam; A\u00e7\u00f5es de reten\u00e7\u00e3o: contato com clientes para entender motivos da n\u00e3o convers\u00e3o e oferecer novas possibilidades; Contorno de obje\u00e7\u00f5es e argumenta\u00e7\u00e3o comercial eficaz; Prospec\u00e7\u00e3o e agendamentos em campanhas espec\u00edficas; Acompanhamento organizado de leads e datas no sistema. [&hellip;]<\/p>\n","protected":false},"author":1,"featured_media":0,"comment_status":"open","ping_status":"open","sticky":false,"template":"","format":"standard","meta":{"footnotes":""},"categories":[21],"tags":[],"class_list":["post-3185","post","type-post","status-publish","format-standard","hentry","category-rio-de-janeiro-rj"],"_links":{"self":[{"href":"https:\/\/vagas.portalemprego.com.br\/index.php?rest_route=\/wp\/v2\/posts\/3185","targetHints":{"allow":["GET"]}}],"collection":[{"href":"https:\/\/vagas.portalemprego.com.br\/index.php?rest_route=\/wp\/v2\/posts"}],"about":[{"href":"https:\/\/vagas.portalemprego.com.br\/index.php?rest_route=\/wp\/v2\/types\/post"}],"author":[{"embeddable":true,"href":"https:\/\/vagas.portalemprego.com.br\/index.php?rest_route=\/wp\/v2\/users\/1"}],"replies":[{"embeddable":true,"href":"https:\/\/vagas.portalemprego.com.br\/index.php?rest_route=%2Fwp%2Fv2%2Fcomments&post=3185"}],"version-history":[{"count":0,"href":"https:\/\/vagas.portalemprego.com.br\/index.php?rest_route=\/wp\/v2\/posts\/3185\/revisions"}],"wp:attachment":[{"href":"https:\/\/vagas.portalemprego.com.br\/index.php?rest_route=%2Fwp%2Fv2%2Fmedia&parent=3185"}],"wp:term":[{"taxonomy":"category","embeddable":true,"href":"https:\/\/vagas.portalemprego.com.br\/index.php?rest_route=%2Fwp%2Fv2%2Fcategories&post=3185"},{"taxonomy":"post_tag","embeddable":true,"href":"https:\/\/vagas.portalemprego.com.br\/index.php?rest_route=%2Fwp%2Fv2%2Ftags&post=3185"}],"curies":[{"name":"wp","href":"https:\/\/api.w.org\/{rel}","templated":true}]}}