{"id":3186,"date":"2026-04-29T06:00:00","date_gmt":"2026-04-29T09:00:00","guid":{"rendered":"https:\/\/vagas.portalemprego.com.br\/?p=3186"},"modified":"2026-04-29T06:00:00","modified_gmt":"2026-04-29T09:00:00","slug":"auxiliar-de-expedicao-pcd-logistica-rio-de-janeiro","status":"publish","type":"post","link":"https:\/\/vagas.portalemprego.com.br\/?p=3186","title":{"rendered":"Auxiliar de Expedi\u00e7\u00e3o (PCD) &#8211; Log\u00edstica &#8211; Rio de Janeiro"},"content":{"rendered":"<p>Principais atividades do cargo: <\/p>\n<p>Auxiliar no recebimento, separa\u00e7\u00e3o, embalagem, confer\u00eancia movimenta\u00e7\u00e3o e expedi\u00e7\u00e3o dos produtos; <\/p>\n<p>Realizar carregamento e descarga de caminh\u00f5es atuando em parceria com as transportadoras. <\/p>\n<p>Perfil necess\u00e1rio: <\/p>\n<p>Comprometido, din\u00e2mico e organizado.  <\/p>\n<p>Escolaridade: <\/p>\n<p>Ensino M\u00e9dio Completo<\/p>\n<ul>\n<li>N\u00famero de vagas: 2<\/li>\n<li>Local de trabalho: Rio de Janeiro, RJ<\/li>\n<li>Regime de contrata\u00e7\u00e3o de tipo: Efetivo \u2013 CLT<\/li>\n<li>Jornada: Per\u00edodo Integral<\/li>\n<li>\u00c1rea e especializa\u00e7\u00e3o profissional: Log\u00edstica &#8211; Log\u00edstica<\/li>\n<li>N\u00edvel hier\u00e1rquico: Auxiliar<\/li>\n<\/ul>\n<p>VALORIZADO<\/p>\n<p>Tempo de experi\u00eancia: Entre 1 e 3 anos<\/p>\n<p>HABILIDADES<\/p>\n<ul>\n<li>Comprometimento<\/li>\n<li>Comunica\u00e7\u00e3o<\/li>\n<\/ul>\n<p>Escolaridade M\u00ednima: Ensino M\u00e9dio (2\u00ba Grau)<\/p>\n<ul>\n<li>Wellhub<\/li>\n<li>Apoio psicol\u00f3gico<\/li>\n<li>Conv\u00eanio Farm\u00e1cia<\/li>\n<li>Assist\u00eancia odontol\u00f3gica<\/li>\n<li>Assist\u00eancia m\u00e9dica<\/li>\n<li>Participa\u00e7\u00e3o nos lucros<\/li>\n<li>Seguro de Vida<\/li>\n<li>Auxilio Funeral<\/li>\n<li>Vale-alimenta\u00e7\u00e3o<\/li>\n<li>Vale transporte<\/li>\n<\/ul>\n","protected":false},"excerpt":{"rendered":"<p>Principais atividades do cargo: Auxiliar no recebimento, separa\u00e7\u00e3o, embalagem, confer\u00eancia movimenta\u00e7\u00e3o e expedi\u00e7\u00e3o dos produtos; Realizar carregamento e descarga de caminh\u00f5es atuando em parceria com as transportadoras. Perfil necess\u00e1rio: Comprometido, din\u00e2mico e organizado. Escolaridade: Ensino M\u00e9dio Completo N\u00famero de vagas: 2 Local de trabalho: Rio de Janeiro, RJ Regime de contrata\u00e7\u00e3o de tipo: Efetivo \u2013 [&hellip;]<\/p>\n","protected":false},"author":1,"featured_media":0,"comment_status":"open","ping_status":"open","sticky":false,"template":"","format":"standard","meta":{"footnotes":""},"categories":[21],"tags":[],"class_list":["post-3186","post","type-post","status-publish","format-standard","hentry","category-rio-de-janeiro-rj"],"_links":{"self":[{"href":"https:\/\/vagas.portalemprego.com.br\/index.php?rest_route=\/wp\/v2\/posts\/3186","targetHints":{"allow":["GET"]}}],"collection":[{"href":"https:\/\/vagas.portalemprego.com.br\/index.php?rest_route=\/wp\/v2\/posts"}],"about":[{"href":"https:\/\/vagas.portalemprego.com.br\/index.php?rest_route=\/wp\/v2\/types\/post"}],"author":[{"embeddable":true,"href":"https:\/\/vagas.portalemprego.com.br\/index.php?rest_route=\/wp\/v2\/users\/1"}],"replies":[{"embeddable":true,"href":"https:\/\/vagas.portalemprego.com.br\/index.php?rest_route=%2Fwp%2Fv2%2Fcomments&post=3186"}],"version-history":[{"count":0,"href":"https:\/\/vagas.portalemprego.com.br\/index.php?rest_route=\/wp\/v2\/posts\/3186\/revisions"}],"wp:attachment":[{"href":"https:\/\/vagas.portalemprego.com.br\/index.php?rest_route=%2Fwp%2Fv2%2Fmedia&parent=3186"}],"wp:term":[{"taxonomy":"category","embeddable":true,"href":"https:\/\/vagas.portalemprego.com.br\/index.php?rest_route=%2Fwp%2Fv2%2Fcategories&post=3186"},{"taxonomy":"post_tag","embeddable":true,"href":"https:\/\/vagas.portalemprego.com.br\/index.php?rest_route=%2Fwp%2Fv2%2Ftags&post=3186"}],"curies":[{"name":"wp","href":"https:\/\/api.w.org\/{rel}","templated":true}]}}