{"id":3187,"date":"2026-04-29T06:00:00","date_gmt":"2026-04-29T09:00:00","guid":{"rendered":"https:\/\/vagas.portalemprego.com.br\/?p=3187"},"modified":"2026-04-29T06:00:00","modified_gmt":"2026-04-29T09:00:00","slug":"analista-de-recrutamento-e-selecao-pleno-temporario-90-dias-recursos-humanos-rio-de-janeiro","status":"publish","type":"post","link":"https:\/\/vagas.portalemprego.com.br\/?p=3187","title":{"rendered":"Analista de Recrutamento e Sele\u00e7\u00e3o Pleno &#8211; Tempor\u00e1rio 90 Dias &#8211; Recursos Humanos &#8211; Rio de Janeiro"},"content":{"rendered":"<p>A Adecco, em parceria com uma grande empresa do segmento da sa\u00fade, est\u00e1 com oportunidade para\u00a0Analista de Recrutamento e Sele\u00e7\u00e3o Pleno, em contrato tempor\u00e1rio.<br \/>\nBuscamos um(a) profissional com experi\u00eancia em processos seletivos de grande volume, preferencialmente no segmento hospitalar, para atuar com recrutamento e sele\u00e7\u00e3o de posi\u00e7\u00f5es destinadas a unidades hospitalares no Rio de Janeiro.<\/p>\n<p>Principais responsabilidades:<br \/>\nConduzir processos de Recrutamento e Sele\u00e7\u00e3o end to end<br \/>\nAlinhamento de perfil com gestores e \u00e1reas solicitantes<br \/>\nDivulga\u00e7\u00e3o de vagas e triagem de curr\u00edculos<br \/>\nCondu\u00e7\u00e3o de entrevistas e avalia\u00e7\u00e3o de candidatos<br \/>\nGest\u00e3o de processos seletivos de alto volume de vagas<br \/>\nInterface constante com gestores e \u00e1reas clientes<br \/>\nApoio em processos seletivos presenciais nas unidades hospitalares, quando necess\u00e1rio<\/p>\n<p>Requisitos:<br \/>\nEnsino superior completo<br \/>\nExperi\u00eancia com Recrutamento e Sele\u00e7\u00e3o de grande volume<br \/>\nViv\u00eancia no segmento da sa\u00fade\/hospitalar ser\u00e1 um diferencial<br \/>\nDisponibilidade para deslocamento entre unidades hospitalares no Rio de Janeiro<\/p>\n<p>Informa\u00e7\u00f5es complementares:<br \/>\nLocal de atua\u00e7\u00e3o: Centro \u2013 Rio de Janeiro<br \/>\nModelo de trabalho: H\u00edbrido (3 dias presenciais e 2 dias home office)<br \/>\nHor\u00e1rio de trabalho: Segunda a quinta: 08h \u00e0s 18h e Sexta-feira: 08h \u00e0s 17h<br \/>\nTipo de contrato: Tempor\u00e1rio \u2013 90 dias (com possibilidade de prorroga\u00e7\u00e3o)<\/p>\n<ul>\n<li>N\u00famero de vagas: 4<\/li>\n<li>Local de trabalho: Rio de Janeiro, RJ<\/li>\n<li>Regime de contrata\u00e7\u00e3o de tipo: Efetivo \u2013 CLT<\/li>\n<li>Jornada: Per\u00edodo Integral<\/li>\n<li>\u00c1rea e especializa\u00e7\u00e3o profissional: Recursos Humanos &#8211; Recrutamento e Sele\u00e7\u00e3o<\/li>\n<li>N\u00edvel hier\u00e1rquico: Analista<\/li>\n<\/ul>\n<p>VALORIZADO<\/p>\n<p>Tempo de experi\u00eancia: Entre 3 e 5 anos<\/p>\n<p>Escolaridade M\u00ednima: Ensino Superior<\/p>\n<ul>\n<li>Vale-refei\u00e7\u00e3o<\/li>\n<li>Vale-transporte<\/li>\n<\/ul>\n<p>Sal\u00e1rio: 4000,0<\/p>\n","protected":false},"excerpt":{"rendered":"<p>A Adecco, em parceria com uma grande empresa do segmento da sa\u00fade, est\u00e1 com oportunidade para\u00a0Analista de Recrutamento e Sele\u00e7\u00e3o Pleno, em contrato tempor\u00e1rio. Buscamos um(a) profissional com experi\u00eancia em processos seletivos de grande volume, preferencialmente no segmento hospitalar, para atuar com recrutamento e sele\u00e7\u00e3o de posi\u00e7\u00f5es destinadas a unidades hospitalares no Rio de Janeiro. [&hellip;]<\/p>\n","protected":false},"author":1,"featured_media":0,"comment_status":"open","ping_status":"open","sticky":false,"template":"","format":"standard","meta":{"footnotes":""},"categories":[21],"tags":[],"class_list":["post-3187","post","type-post","status-publish","format-standard","hentry","category-rio-de-janeiro-rj"],"_links":{"self":[{"href":"https:\/\/vagas.portalemprego.com.br\/index.php?rest_route=\/wp\/v2\/posts\/3187","targetHints":{"allow":["GET"]}}],"collection":[{"href":"https:\/\/vagas.portalemprego.com.br\/index.php?rest_route=\/wp\/v2\/posts"}],"about":[{"href":"https:\/\/vagas.portalemprego.com.br\/index.php?rest_route=\/wp\/v2\/types\/post"}],"author":[{"embeddable":true,"href":"https:\/\/vagas.portalemprego.com.br\/index.php?rest_route=\/wp\/v2\/users\/1"}],"replies":[{"embeddable":true,"href":"https:\/\/vagas.portalemprego.com.br\/index.php?rest_route=%2Fwp%2Fv2%2Fcomments&post=3187"}],"version-history":[{"count":0,"href":"https:\/\/vagas.portalemprego.com.br\/index.php?rest_route=\/wp\/v2\/posts\/3187\/revisions"}],"wp:attachment":[{"href":"https:\/\/vagas.portalemprego.com.br\/index.php?rest_route=%2Fwp%2Fv2%2Fmedia&parent=3187"}],"wp:term":[{"taxonomy":"category","embeddable":true,"href":"https:\/\/vagas.portalemprego.com.br\/index.php?rest_route=%2Fwp%2Fv2%2Fcategories&post=3187"},{"taxonomy":"post_tag","embeddable":true,"href":"https:\/\/vagas.portalemprego.com.br\/index.php?rest_route=%2Fwp%2Fv2%2Ftags&post=3187"}],"curies":[{"name":"wp","href":"https:\/\/api.w.org\/{rel}","templated":true}]}}