{"id":3189,"date":"2026-04-29T06:00:00","date_gmt":"2026-04-29T09:00:00","guid":{"rendered":"https:\/\/vagas.portalemprego.com.br\/?p=3189"},"modified":"2026-04-29T06:00:00","modified_gmt":"2026-04-29T09:00:00","slug":"consultor-comercial-comercial-vendas-duque-de-caxias","status":"publish","type":"post","link":"https:\/\/vagas.portalemprego.com.br\/?p=3189","title":{"rendered":"Consultor Comercial &#8211; Comercial, Vendas &#8211; Duque de Caxias"},"content":{"rendered":"<p>Estamos em busca de um(a) Consultor Comercial com a meta de se tornar Corretor(a) de Im\u00f3veis, para atuar na prospec\u00e7\u00e3o de clientes, apresenta\u00e7\u00e3o de im\u00f3veis e condu\u00e7\u00e3o de negocia\u00e7\u00f5es comerciais, contribuindo para a excel\u00eancia no atendimento e para o alcance dos resultados da \u00e1rea. Pode ter CRECI ativo, mas se n\u00e3o tiver ter\u00e1 oportunidade de se preparar junto com a equipe na empresa.<br \/>\nO(a) profissional ser\u00e1 respons\u00e1vel por identificar oportunidades de neg\u00f3cio, compreender as necessidades dos clientes, apresentar op\u00e7\u00f5es compat\u00edveis com seu perfil e acompanhar todo o processo de compra, venda ou loca\u00e7\u00e3o de im\u00f3veis, garantindo um atendimento consultivo e de qualidade.<br \/>\nPrincipais responsabilidades:<br \/>\nRealizar prospec\u00e7\u00e3o de clientes e oportunidades no mercado imobili\u00e1rio;<br \/>\nEfetuar atendimento comercial, identificando necessidades e oferecendo solu\u00e7\u00f5es adequadas;<br \/>\nApresentar im\u00f3veis e acompanhar visitas;<br \/>\nConduzir negocia\u00e7\u00f5es de compra, venda e loca\u00e7\u00e3o;<br \/>\nAssessorar clientes durante todas as etapas do processo comercial;<br \/>\nApoiar na organiza\u00e7\u00e3o da documenta\u00e7\u00e3o necess\u00e1ria para fechamento das negocia\u00e7\u00f5es;<br \/>\nManter atualizado o cadastro de clientes, im\u00f3veis e oportunidades.<br \/>\nRequisitos:<br \/>\nEnsino m\u00e9dio completo;<br \/>\nExperi\u00eancia pr\u00e9via na \u00e1rea comercial ou no segmento imobili\u00e1rio;<br \/>\nRegistro no CRECI ativo ser\u00e1 considerado um diferencial;<br \/>\nBoa comunica\u00e7\u00e3o verbal e escrita;<br \/>\nHabilidade de negocia\u00e7\u00e3o e foco em resultados;<br \/>\nConhecimento b\u00e1sico em inform\u00e1tica e ferramentas digitais;<br \/>\nDisponibilidade para atendimento externo e realiza\u00e7\u00e3o de visitas.<br \/>\nLocal de trabalho: Duque de Caxias , RJ<\/p>\n<ul>\n<li>N\u00famero de vagas: 10<\/li>\n<li>Local de trabalho: Duque de Caxias, RJ<\/li>\n<li>Regime de contrata\u00e7\u00e3o de tipo: Prestador de Servi\u00e7os (PJ)<\/li>\n<li>Jornada: Per\u00edodo Integral<\/li>\n<li>\u00c1rea e especializa\u00e7\u00e3o profissional: Comercial, Vendas &#8211; Venda Externa<\/li>\n<li>N\u00edvel hier\u00e1rquico: Consultor<\/li>\n<\/ul>\n<p>VALORIZADO<\/p>\n<p>Tempo de experi\u00eancia: Entre 3 e 5 anos<\/p>\n<p>HABILIDADES<\/p>\n<ul>\n<li>Consultivo<\/li>\n<li>Comunica\u00e7\u00e3o comercial<\/li>\n<li>Fija\u00e7\u00e3o de metas<\/li>\n<li>Foco em resultados<\/li>\n<li>Comunica\u00e7\u00e3o interpessoal<\/li>\n<li>Responsabilidade<\/li>\n<li>Organiza\u00e7\u00e3o<\/li>\n<li>Dinamismo<\/li>\n<li>Proatividade<\/li>\n<\/ul>\n<p>Escolaridade M\u00ednima: Ensino Superior<\/p>\n","protected":false},"excerpt":{"rendered":"<p>Estamos em busca de um(a) Consultor Comercial com a meta de se tornar Corretor(a) de Im\u00f3veis, para atuar na prospec\u00e7\u00e3o de clientes, apresenta\u00e7\u00e3o de im\u00f3veis e condu\u00e7\u00e3o de negocia\u00e7\u00f5es comerciais, contribuindo para a excel\u00eancia no atendimento e para o alcance dos resultados da \u00e1rea. Pode ter CRECI ativo, mas se n\u00e3o tiver ter\u00e1 oportunidade de [&hellip;]<\/p>\n","protected":false},"author":1,"featured_media":0,"comment_status":"open","ping_status":"open","sticky":false,"template":"","format":"standard","meta":{"footnotes":""},"categories":[21],"tags":[],"class_list":["post-3189","post","type-post","status-publish","format-standard","hentry","category-rio-de-janeiro-rj"],"_links":{"self":[{"href":"https:\/\/vagas.portalemprego.com.br\/index.php?rest_route=\/wp\/v2\/posts\/3189","targetHints":{"allow":["GET"]}}],"collection":[{"href":"https:\/\/vagas.portalemprego.com.br\/index.php?rest_route=\/wp\/v2\/posts"}],"about":[{"href":"https:\/\/vagas.portalemprego.com.br\/index.php?rest_route=\/wp\/v2\/types\/post"}],"author":[{"embeddable":true,"href":"https:\/\/vagas.portalemprego.com.br\/index.php?rest_route=\/wp\/v2\/users\/1"}],"replies":[{"embeddable":true,"href":"https:\/\/vagas.portalemprego.com.br\/index.php?rest_route=%2Fwp%2Fv2%2Fcomments&post=3189"}],"version-history":[{"count":0,"href":"https:\/\/vagas.portalemprego.com.br\/index.php?rest_route=\/wp\/v2\/posts\/3189\/revisions"}],"wp:attachment":[{"href":"https:\/\/vagas.portalemprego.com.br\/index.php?rest_route=%2Fwp%2Fv2%2Fmedia&parent=3189"}],"wp:term":[{"taxonomy":"category","embeddable":true,"href":"https:\/\/vagas.portalemprego.com.br\/index.php?rest_route=%2Fwp%2Fv2%2Fcategories&post=3189"},{"taxonomy":"post_tag","embeddable":true,"href":"https:\/\/vagas.portalemprego.com.br\/index.php?rest_route=%2Fwp%2Fv2%2Ftags&post=3189"}],"curies":[{"name":"wp","href":"https:\/\/api.w.org\/{rel}","templated":true}]}}