{"id":3191,"date":"2026-04-29T06:00:00","date_gmt":"2026-04-29T09:00:00","guid":{"rendered":"https:\/\/vagas.portalemprego.com.br\/?p=3191"},"modified":"2026-04-29T06:00:00","modified_gmt":"2026-04-29T09:00:00","slug":"auxiliar-de-saladeiro-alimentacao-gastronomia-rio-de-janeiro","status":"publish","type":"post","link":"https:\/\/vagas.portalemprego.com.br\/?p=3191","title":{"rendered":"Auxiliar de Saladeiro &#8211; Alimenta\u00e7\u00e3o \/ Gastronomia &#8211; Rio de Janeiro"},"content":{"rendered":"<p>Vaga: Auxiliar de Salada<br \/>\n Local: Restaurante na G\u00e1vea \u2013 Rio de Janeiro<br \/>\nSal\u00e1rio: R$ 1.628,00<br \/>\n Gorjeta vari\u00e1vel: m\u00e9dia de R$ 800,00<br \/>\nHor\u00e1rio: A combinar (Necess\u00e1rio disponibilidade)<br \/>\nAtividades \/ Atribui\u00e7\u00f5es:<br \/>\nHigienizar, cortar e preparar verduras, legumes e frutas.<br \/>\nMontar saladas e acompanhamentos conforme padr\u00e3o da cozinha.<br \/>\nAuxiliar na organiza\u00e7\u00e3o e reposi\u00e7\u00e3o dos insumos da pra\u00e7a de saladas.<br \/>\nManter a \u00e1rea de trabalho limpa e organizada, seguindo as normas de higiene e seguran\u00e7a alimentar.<br \/>\nRequisitos:<br \/>\nExperi\u00eancia em cozinha, com foco em saladas.<br \/>\nAgilidade, organiza\u00e7\u00e3o e aten\u00e7\u00e3o aos padr\u00f5es de higiene.<br \/>\nFacilidade para trabalhar em equipe.<br \/>\nDisponibilidade total de hor\u00e1rios para cobrir folgas conforme escala.<br \/>\nF\u00e1cil acesso \u00e0 regi\u00e3o da G\u00e1vea.<\/p>\n<ul>\n<li>Local de trabalho: Rio de Janeiro, RJ<\/li>\n<li>Regime de contrata\u00e7\u00e3o de tipo: Efetivo \u2013 CLT<\/li>\n<li>Jornada: Per\u00edodo Integral<\/li>\n<li>\u00c1rea e especializa\u00e7\u00e3o profissional: Alimenta\u00e7\u00e3o \/ Gastronomia &#8211; Cozinha<\/li>\n<li>N\u00edvel hier\u00e1rquico: Auxiliar<\/li>\n<\/ul>\n<p>Escolaridade M\u00ednima: Ensino Fundamental (1\u00ba grau)<\/p>\n<p>Sal\u00e1rio: 2400,0<\/p>\n","protected":false},"excerpt":{"rendered":"<p>Vaga: Auxiliar de Salada Local: Restaurante na G\u00e1vea \u2013 Rio de Janeiro Sal\u00e1rio: R$ 1.628,00 Gorjeta vari\u00e1vel: m\u00e9dia de R$ 800,00 Hor\u00e1rio: A combinar (Necess\u00e1rio disponibilidade) Atividades \/ Atribui\u00e7\u00f5es: Higienizar, cortar e preparar verduras, legumes e frutas. Montar saladas e acompanhamentos conforme padr\u00e3o da cozinha. Auxiliar na organiza\u00e7\u00e3o e reposi\u00e7\u00e3o dos insumos da pra\u00e7a de [&hellip;]<\/p>\n","protected":false},"author":1,"featured_media":0,"comment_status":"open","ping_status":"open","sticky":false,"template":"","format":"standard","meta":{"footnotes":""},"categories":[21],"tags":[],"class_list":["post-3191","post","type-post","status-publish","format-standard","hentry","category-rio-de-janeiro-rj"],"_links":{"self":[{"href":"https:\/\/vagas.portalemprego.com.br\/index.php?rest_route=\/wp\/v2\/posts\/3191","targetHints":{"allow":["GET"]}}],"collection":[{"href":"https:\/\/vagas.portalemprego.com.br\/index.php?rest_route=\/wp\/v2\/posts"}],"about":[{"href":"https:\/\/vagas.portalemprego.com.br\/index.php?rest_route=\/wp\/v2\/types\/post"}],"author":[{"embeddable":true,"href":"https:\/\/vagas.portalemprego.com.br\/index.php?rest_route=\/wp\/v2\/users\/1"}],"replies":[{"embeddable":true,"href":"https:\/\/vagas.portalemprego.com.br\/index.php?rest_route=%2Fwp%2Fv2%2Fcomments&post=3191"}],"version-history":[{"count":0,"href":"https:\/\/vagas.portalemprego.com.br\/index.php?rest_route=\/wp\/v2\/posts\/3191\/revisions"}],"wp:attachment":[{"href":"https:\/\/vagas.portalemprego.com.br\/index.php?rest_route=%2Fwp%2Fv2%2Fmedia&parent=3191"}],"wp:term":[{"taxonomy":"category","embeddable":true,"href":"https:\/\/vagas.portalemprego.com.br\/index.php?rest_route=%2Fwp%2Fv2%2Fcategories&post=3191"},{"taxonomy":"post_tag","embeddable":true,"href":"https:\/\/vagas.portalemprego.com.br\/index.php?rest_route=%2Fwp%2Fv2%2Ftags&post=3191"}],"curies":[{"name":"wp","href":"https:\/\/api.w.org\/{rel}","templated":true}]}}