{"id":3193,"date":"2026-04-29T06:00:00","date_gmt":"2026-04-29T09:00:00","guid":{"rendered":"https:\/\/vagas.portalemprego.com.br\/?p=3193"},"modified":"2026-04-29T06:00:00","modified_gmt":"2026-04-29T09:00:00","slug":"social-media-marketing-rio-de-janeiro-2","status":"publish","type":"post","link":"https:\/\/vagas.portalemprego.com.br\/?p=3193","title":{"rendered":"Social Media &#8211; Marketing &#8211; Rio de Janeiro"},"content":{"rendered":"<p>Estamos em busca de um profissional para a posi\u00e7\u00e3o de Social Media.<br \/>\nFun\u00e7\u00f5es:<br \/>\nGerenciar as redes sociais da empresa<br \/>\nCoordenar campanhas de marketing digital<br \/>\nAcompanhar e analisar m\u00e9tricas de performance<br \/>\nColaborar com equipes internas para conte\u00fados<br \/>\nRequisitos:<br \/>\nExperi\u00eancia em gest\u00e3o de redes sociais<br \/>\nConhecimento em ferramentas de an\u00e1lise de dados<br \/>\nCapacidade de criar e editar conte\u00fados<br \/>\nHabilidade em comunica\u00e7\u00e3o e intera\u00e7\u00e3o com o p\u00fablico<\/p>\n<ul>\n<li>Local de trabalho: Rio de Janeiro, RJ<\/li>\n<li>Regime de contrata\u00e7\u00e3o de tipo: Prestador de Servi\u00e7os (PJ)<\/li>\n<li>Jornada: Per\u00edodo Integral<\/li>\n<li>\u00c1rea e especializa\u00e7\u00e3o profissional: Marketing &#8211; Marketing<\/li>\n<li>N\u00edvel hier\u00e1rquico: Especialista<\/li>\n<\/ul>\n<p>Escolaridade M\u00ednima: Ensino M\u00e9dio (2\u00ba Grau)<\/p>\n","protected":false},"excerpt":{"rendered":"<p>Estamos em busca de um profissional para a posi\u00e7\u00e3o de Social Media. Fun\u00e7\u00f5es: Gerenciar as redes sociais da empresa Coordenar campanhas de marketing digital Acompanhar e analisar m\u00e9tricas de performance Colaborar com equipes internas para conte\u00fados Requisitos: Experi\u00eancia em gest\u00e3o de redes sociais Conhecimento em ferramentas de an\u00e1lise de dados Capacidade de criar e editar [&hellip;]<\/p>\n","protected":false},"author":1,"featured_media":0,"comment_status":"open","ping_status":"open","sticky":false,"template":"","format":"standard","meta":{"footnotes":""},"categories":[21],"tags":[],"class_list":["post-3193","post","type-post","status-publish","format-standard","hentry","category-rio-de-janeiro-rj"],"_links":{"self":[{"href":"https:\/\/vagas.portalemprego.com.br\/index.php?rest_route=\/wp\/v2\/posts\/3193","targetHints":{"allow":["GET"]}}],"collection":[{"href":"https:\/\/vagas.portalemprego.com.br\/index.php?rest_route=\/wp\/v2\/posts"}],"about":[{"href":"https:\/\/vagas.portalemprego.com.br\/index.php?rest_route=\/wp\/v2\/types\/post"}],"author":[{"embeddable":true,"href":"https:\/\/vagas.portalemprego.com.br\/index.php?rest_route=\/wp\/v2\/users\/1"}],"replies":[{"embeddable":true,"href":"https:\/\/vagas.portalemprego.com.br\/index.php?rest_route=%2Fwp%2Fv2%2Fcomments&post=3193"}],"version-history":[{"count":0,"href":"https:\/\/vagas.portalemprego.com.br\/index.php?rest_route=\/wp\/v2\/posts\/3193\/revisions"}],"wp:attachment":[{"href":"https:\/\/vagas.portalemprego.com.br\/index.php?rest_route=%2Fwp%2Fv2%2Fmedia&parent=3193"}],"wp:term":[{"taxonomy":"category","embeddable":true,"href":"https:\/\/vagas.portalemprego.com.br\/index.php?rest_route=%2Fwp%2Fv2%2Fcategories&post=3193"},{"taxonomy":"post_tag","embeddable":true,"href":"https:\/\/vagas.portalemprego.com.br\/index.php?rest_route=%2Fwp%2Fv2%2Ftags&post=3193"}],"curies":[{"name":"wp","href":"https:\/\/api.w.org\/{rel}","templated":true}]}}